{"id":5966,"date":"2022-11-03T09:50:29","date_gmt":"2022-11-03T08:50:29","guid":{"rendered":"https:\/\/standimpro.ch\/particuliers\/?p=5966"},"modified":"2024-03-25T11:55:25","modified_gmt":"2024-03-25T10:55:25","slug":"match-impro-eleves","status":"publish","type":"post","link":"https:\/\/standimpro.ch\/particuliers\/match-impro-eleves\/","title":{"rendered":"Match Impro El\u00e8ves"},"content":{"rendered":"\n<style type=\"text\/css\" data-created_by=\"avia_inline_auto\" id=\"style-css-av-49fqwu-db00699ed86584e338666cf28b74ba83\">\n.flex_column.av-49fqwu-db00699ed86584e338666cf28b74ba83{\nborder-radius:0px 0px 0px 0px;\npadding:0px 0px 0px 0px;\n}\n<\/style>\n<div  class='flex_column av-49fqwu-db00699ed86584e338666cf28b74ba83 av_one_half  avia-builder-el-0  el_before_av_one_half  avia-builder-el-first  first flex_column_div av-zero-column-padding  '     ><section  class='av_textblock_section av-la0tuzto-458ea5c8e81ca1489d4a4450cace4869 '   itemscope=\"itemscope\" itemtype=\"https:\/\/schema.org\/BlogPosting\" itemprop=\"blogPost\" ><div class='avia_textblock'  itemprop=\"text\" ><p><a href=\"https:\/\/standimpro.ch\/particuliers\/wp-content\/uploads\/2022\/11\/87383561-homme-contre-femme-confrontation-et-competition-1.png\"><img fetchpriority=\"high\" decoding=\"async\" src=\"https:\/\/standimpro.ch\/particuliers\/wp-content\/uploads\/2022\/11\/87383561-homme-contre-femme-confrontation-et-competition-1-1030x686.png\" alt=\"\" width=\"1030\" height=\"686\" class=\"alignnone size-large wp-image-7532\" srcset=\"https:\/\/standimpro.ch\/particuliers\/wp-content\/uploads\/2022\/11\/87383561-homme-contre-femme-confrontation-et-competition-1-1030x686.png 1030w, https:\/\/standimpro.ch\/particuliers\/wp-content\/uploads\/2022\/11\/87383561-homme-contre-femme-confrontation-et-competition-1-300x200.png 300w, https:\/\/standimpro.ch\/particuliers\/wp-content\/uploads\/2022\/11\/87383561-homme-contre-femme-confrontation-et-competition-1-768x512.png 768w, https:\/\/standimpro.ch\/particuliers\/wp-content\/uploads\/2022\/11\/87383561-homme-contre-femme-confrontation-et-competition-1-705x470.png 705w, https:\/\/standimpro.ch\/particuliers\/wp-content\/uploads\/2022\/11\/87383561-homme-contre-femme-confrontation-et-competition-1.png 1300w\" sizes=\"(max-width: 1030px) 100vw, 1030px\" \/><\/a><\/p>\n<\/div><\/section><\/div>\n\n<style type=\"text\/css\" data-created_by=\"avia_inline_auto\" id=\"style-css-av-1vztvy-e4dde953e0b8793ecd6542f83d100571\">\n.flex_column.av-1vztvy-e4dde953e0b8793ecd6542f83d100571{\nborder-radius:0px 0px 0px 0px;\npadding:0px 0px 0px 0px;\n}\n<\/style>\n<div  class='flex_column av-1vztvy-e4dde953e0b8793ecd6542f83d100571 av_one_half  avia-builder-el-2  el_after_av_one_half  avia-builder-el-last  flex_column_div av-zero-column-padding  '     ><section  class='av_textblock_section av-la0tuohf-0e0f826c7e4fdfaa62e739e5a17a3ebb '   itemscope=\"itemscope\" itemtype=\"https:\/\/schema.org\/BlogPosting\" itemprop=\"blogPost\" ><div class='avia_textblock'  itemprop=\"text\" ><p><strong>Match Impro<\/strong><\/p>\n<p>Venez assister \u00e0 un combat th\u00e9\u00e2tral in\u00e9dit.<br \/>\nNos \u00e9l\u00e8ves interm\u00e9diaires vont s\u2019affronter sur sc\u00e8ne pour votre plus grand plaisir.<br \/>\nVous leur imposerez vos id\u00e9es, vos th\u00e8mes, vos id\u00e9es les plus folles et ils devront composer un spectacle improvis\u00e9 sous vos yeux.<br \/>\nComment l\u2019improbable se transforme en fous rires g\u00e9n\u00e9ralis\u00e9s?<br \/>\nPour le savoir, il va falloir venir les voir!!<\/p>\n<p>2 Matchs vont se d\u00e9rouler l&rsquo;un apr\u00e8s l&rsquo;autre.<br \/>\n<strong>Le premier match d\u00e0butera \u00e0 19H et sera compos\u00e9 de:<\/strong><br \/>\nClaire- Laura-Benjamin- Fred \/ Carlos- Iola- Bodganka-Loic<br \/>\n<strong>Le second match d\u00e9butera \u00e0 21h et sera compos\u00e9 de : <\/strong><br \/>\nEva-Audrey-Nicolas-Sam\/ Oscar- Julia- Stacy- Pedro<\/p>\n<p><strong>Informations pratiques: <\/strong><br \/>\nDate: Samedi 27 Avril<br \/>\nHoraire: 19h00<br \/>\nLieu:\u00a0Espace Grosselin- 31 rue Jacques Grosselin- Carouge<br \/>\nEntr\u00e9e libre<\/p>\n<\/div><\/section><\/div>\n<!-- AddThis Advanced Settings generic via filter on the_content --><!-- AddThis Share Buttons generic via filter on the_content -->","protected":false},"excerpt":{"rendered":"<p><!-- AddThis Advanced Settings generic via filter on get_the_excerpt --><!-- AddThis Share Buttons generic via filter on get_the_excerpt --><\/p>\n","protected":false},"author":1,"featured_media":0,"comment_status":"open","ping_status":"open","sticky":false,"template":"","format":"standard","meta":{"footnotes":""},"categories":[1],"tags":[],"class_list":["post-5966","post","type-post","status-publish","format-standard","hentry","category-la-prise-de-parole-en-public-2"],"yoast_head":"<!-- This site is optimized with the Yoast SEO plugin v27.1.1 - https:\/\/yoast.com\/product\/yoast-seo-wordpress\/ -->\n<title>Match Impro El\u00e8ves -<\/title>\n<meta name=\"robots\" content=\"index, follow, max-snippet:-1, max-image-preview:large, max-video-preview:-1\" \/>\n<link rel=\"canonical\" href=\"https:\/\/standimpro.ch\/particuliers\/match-impro-eleves\/\" \/>\n<meta property=\"og:locale\" content=\"fr_FR\" \/>\n<meta property=\"og:type\" content=\"article\" \/>\n<meta property=\"og:title\" content=\"Match Impro El\u00e8ves -\" \/>\n<meta property=\"og:url\" content=\"https:\/\/standimpro.ch\/particuliers\/match-impro-eleves\/\" \/>\n<meta property=\"article:publisher\" content=\"https:\/\/www.facebook.com\/standimpro\/?ref=aymt_homepage_panel\" \/>\n<meta property=\"article:published_time\" content=\"2022-11-03T08:50:29+00:00\" \/>\n<meta property=\"article:modified_time\" content=\"2024-03-25T10:55:25+00:00\" \/>\n<meta property=\"og:image\" content=\"https:\/\/standimpro.ch\/particuliers\/wp-content\/uploads\/2022\/11\/87383561-homme-contre-femme-confrontation-et-competition-1-1030x686.png\" \/>\n<meta name=\"author\" content=\"Andreas Ventouras\" \/>\n<meta name=\"twitter:label1\" content=\"\u00c9crit par\" \/>\n\t<meta name=\"twitter:data1\" content=\"Andreas Ventouras\" \/>\n\t<meta name=\"twitter:label2\" content=\"Dur\u00e9e de lecture estim\u00e9e\" \/>\n\t<meta name=\"twitter:data2\" content=\"2 minutes\" \/>\n<script type=\"application\/ld+json\" class=\"yoast-schema-graph\">{\"@context\":\"https:\/\/schema.org\",\"@graph\":[{\"@type\":\"Article\",\"@id\":\"https:\/\/standimpro.ch\/particuliers\/match-impro-eleves\/#article\",\"isPartOf\":{\"@id\":\"https:\/\/standimpro.ch\/particuliers\/match-impro-eleves\/\"},\"author\":{\"name\":\"Andreas Ventouras\",\"@id\":\"https:\/\/standimpro.ch\/particuliers\/#\/schema\/person\/d33c2f5702352f109742b22e2a00d111\"},\"headline\":\"Match Impro El\u00e8ves\",\"datePublished\":\"2022-11-03T08:50:29+00:00\",\"dateModified\":\"2024-03-25T10:55:25+00:00\",\"mainEntityOfPage\":{\"@id\":\"https:\/\/standimpro.ch\/particuliers\/match-impro-eleves\/\"},\"wordCount\":350,\"commentCount\":0,\"image\":{\"@id\":\"https:\/\/standimpro.ch\/particuliers\/match-impro-eleves\/#primaryimage\"},\"thumbnailUrl\":\"https:\/\/standimpro.ch\/particuliers\/wp-content\/uploads\/2022\/11\/87383561-homme-contre-femme-confrontation-et-competition-1-1030x686.png\",\"articleSection\":[\"La Prise de Parole en Public\"],\"inLanguage\":\"fr-FR\",\"potentialAction\":[{\"@type\":\"CommentAction\",\"name\":\"Comment\",\"target\":[\"https:\/\/standimpro.ch\/particuliers\/match-impro-eleves\/#respond\"]}]},{\"@type\":\"WebPage\",\"@id\":\"https:\/\/standimpro.ch\/particuliers\/match-impro-eleves\/\",\"url\":\"https:\/\/standimpro.ch\/particuliers\/match-impro-eleves\/\",\"name\":\"Match Impro El\u00e8ves -\",\"isPartOf\":{\"@id\":\"https:\/\/standimpro.ch\/particuliers\/#website\"},\"primaryImageOfPage\":{\"@id\":\"https:\/\/standimpro.ch\/particuliers\/match-impro-eleves\/#primaryimage\"},\"image\":{\"@id\":\"https:\/\/standimpro.ch\/particuliers\/match-impro-eleves\/#primaryimage\"},\"thumbnailUrl\":\"https:\/\/standimpro.ch\/particuliers\/wp-content\/uploads\/2022\/11\/87383561-homme-contre-femme-confrontation-et-competition-1-1030x686.png\",\"datePublished\":\"2022-11-03T08:50:29+00:00\",\"dateModified\":\"2024-03-25T10:55:25+00:00\",\"author\":{\"@id\":\"https:\/\/standimpro.ch\/particuliers\/#\/schema\/person\/d33c2f5702352f109742b22e2a00d111\"},\"breadcrumb\":{\"@id\":\"https:\/\/standimpro.ch\/particuliers\/match-impro-eleves\/#breadcrumb\"},\"inLanguage\":\"fr-FR\",\"potentialAction\":[{\"@type\":\"ReadAction\",\"target\":[\"https:\/\/standimpro.ch\/particuliers\/match-impro-eleves\/\"]}]},{\"@type\":\"ImageObject\",\"inLanguage\":\"fr-FR\",\"@id\":\"https:\/\/standimpro.ch\/particuliers\/match-impro-eleves\/#primaryimage\",\"url\":\"https:\/\/standimpro.ch\/particuliers\/wp-content\/uploads\/2022\/11\/87383561-homme-contre-femme-confrontation-et-competition-1.png\",\"contentUrl\":\"https:\/\/standimpro.ch\/particuliers\/wp-content\/uploads\/2022\/11\/87383561-homme-contre-femme-confrontation-et-competition-1.png\",\"width\":1300,\"height\":866},{\"@type\":\"BreadcrumbList\",\"@id\":\"https:\/\/standimpro.ch\/particuliers\/match-impro-eleves\/#breadcrumb\",\"itemListElement\":[{\"@type\":\"ListItem\",\"position\":1,\"name\":\"Accueil\",\"item\":\"https:\/\/standimpro.ch\/particuliers\/impro\/\"},{\"@type\":\"ListItem\",\"position\":2,\"name\":\"Match Impro El\u00e8ves\"}]},{\"@type\":\"WebSite\",\"@id\":\"https:\/\/standimpro.ch\/particuliers\/#website\",\"url\":\"https:\/\/standimpro.ch\/particuliers\/\",\"name\":\"\",\"description\":\"\",\"potentialAction\":[{\"@type\":\"SearchAction\",\"target\":{\"@type\":\"EntryPoint\",\"urlTemplate\":\"https:\/\/standimpro.ch\/particuliers\/?s={search_term_string}\"},\"query-input\":{\"@type\":\"PropertyValueSpecification\",\"valueRequired\":true,\"valueName\":\"search_term_string\"}}],\"inLanguage\":\"fr-FR\"},{\"@type\":\"Person\",\"@id\":\"https:\/\/standimpro.ch\/particuliers\/#\/schema\/person\/d33c2f5702352f109742b22e2a00d111\",\"name\":\"Andreas Ventouras\",\"image\":{\"@type\":\"ImageObject\",\"inLanguage\":\"fr-FR\",\"@id\":\"https:\/\/standimpro.ch\/particuliers\/#\/schema\/person\/image\/\",\"url\":\"https:\/\/secure.gravatar.com\/avatar\/bb9229b1d690d5c732ec8df34f0ee54fda2edbb9956772a950962d1446caf04f?s=96&d=mm&r=g\",\"contentUrl\":\"https:\/\/secure.gravatar.com\/avatar\/bb9229b1d690d5c732ec8df34f0ee54fda2edbb9956772a950962d1446caf04f?s=96&d=mm&r=g\",\"caption\":\"Andreas Ventouras\"},\"description\":\"Andreas Ventouras, Fondateur et Pr\u00e9sident de Stand'Impro. Il est Formateur \u00e0 la prise de parole en public pour de nombreuses collectivit\u00e9s publiques (Etat de Gen\u00e8ve, Ville de Gen\u00e8ve et autres) ainsi que des entreprises. . Il donne des cours d'improvisation \u00e0 Gen\u00e8ve et se produit r\u00e9guli\u00e8rement sur sc\u00e8ne.\",\"url\":\"https:\/\/standimpro.ch\/particuliers\/author\/andreas\/\"}]}<\/script>\n<!-- \/ Yoast SEO plugin. -->","yoast_head_json":{"title":"Match Impro El\u00e8ves -","robots":{"index":"index","follow":"follow","max-snippet":"max-snippet:-1","max-image-preview":"max-image-preview:large","max-video-preview":"max-video-preview:-1"},"canonical":"https:\/\/standimpro.ch\/particuliers\/match-impro-eleves\/","og_locale":"fr_FR","og_type":"article","og_title":"Match Impro El\u00e8ves -","og_url":"https:\/\/standimpro.ch\/particuliers\/match-impro-eleves\/","article_publisher":"https:\/\/www.facebook.com\/standimpro\/?ref=aymt_homepage_panel","article_published_time":"2022-11-03T08:50:29+00:00","article_modified_time":"2024-03-25T10:55:25+00:00","og_image":[{"url":"https:\/\/standimpro.ch\/particuliers\/wp-content\/uploads\/2022\/11\/87383561-homme-contre-femme-confrontation-et-competition-1-1030x686.png","type":"","width":"","height":""}],"author":"Andreas Ventouras","twitter_misc":{"\u00c9crit par":"Andreas Ventouras","Dur\u00e9e de lecture estim\u00e9e":"2 minutes"},"schema":{"@context":"https:\/\/schema.org","@graph":[{"@type":"Article","@id":"https:\/\/standimpro.ch\/particuliers\/match-impro-eleves\/#article","isPartOf":{"@id":"https:\/\/standimpro.ch\/particuliers\/match-impro-eleves\/"},"author":{"name":"Andreas Ventouras","@id":"https:\/\/standimpro.ch\/particuliers\/#\/schema\/person\/d33c2f5702352f109742b22e2a00d111"},"headline":"Match Impro El\u00e8ves","datePublished":"2022-11-03T08:50:29+00:00","dateModified":"2024-03-25T10:55:25+00:00","mainEntityOfPage":{"@id":"https:\/\/standimpro.ch\/particuliers\/match-impro-eleves\/"},"wordCount":350,"commentCount":0,"image":{"@id":"https:\/\/standimpro.ch\/particuliers\/match-impro-eleves\/#primaryimage"},"thumbnailUrl":"https:\/\/standimpro.ch\/particuliers\/wp-content\/uploads\/2022\/11\/87383561-homme-contre-femme-confrontation-et-competition-1-1030x686.png","articleSection":["La Prise de Parole en Public"],"inLanguage":"fr-FR","potentialAction":[{"@type":"CommentAction","name":"Comment","target":["https:\/\/standimpro.ch\/particuliers\/match-impro-eleves\/#respond"]}]},{"@type":"WebPage","@id":"https:\/\/standimpro.ch\/particuliers\/match-impro-eleves\/","url":"https:\/\/standimpro.ch\/particuliers\/match-impro-eleves\/","name":"Match Impro El\u00e8ves -","isPartOf":{"@id":"https:\/\/standimpro.ch\/particuliers\/#website"},"primaryImageOfPage":{"@id":"https:\/\/standimpro.ch\/particuliers\/match-impro-eleves\/#primaryimage"},"image":{"@id":"https:\/\/standimpro.ch\/particuliers\/match-impro-eleves\/#primaryimage"},"thumbnailUrl":"https:\/\/standimpro.ch\/particuliers\/wp-content\/uploads\/2022\/11\/87383561-homme-contre-femme-confrontation-et-competition-1-1030x686.png","datePublished":"2022-11-03T08:50:29+00:00","dateModified":"2024-03-25T10:55:25+00:00","author":{"@id":"https:\/\/standimpro.ch\/particuliers\/#\/schema\/person\/d33c2f5702352f109742b22e2a00d111"},"breadcrumb":{"@id":"https:\/\/standimpro.ch\/particuliers\/match-impro-eleves\/#breadcrumb"},"inLanguage":"fr-FR","potentialAction":[{"@type":"ReadAction","target":["https:\/\/standimpro.ch\/particuliers\/match-impro-eleves\/"]}]},{"@type":"ImageObject","inLanguage":"fr-FR","@id":"https:\/\/standimpro.ch\/particuliers\/match-impro-eleves\/#primaryimage","url":"https:\/\/standimpro.ch\/particuliers\/wp-content\/uploads\/2022\/11\/87383561-homme-contre-femme-confrontation-et-competition-1.png","contentUrl":"https:\/\/standimpro.ch\/particuliers\/wp-content\/uploads\/2022\/11\/87383561-homme-contre-femme-confrontation-et-competition-1.png","width":1300,"height":866},{"@type":"BreadcrumbList","@id":"https:\/\/standimpro.ch\/particuliers\/match-impro-eleves\/#breadcrumb","itemListElement":[{"@type":"ListItem","position":1,"name":"Accueil","item":"https:\/\/standimpro.ch\/particuliers\/impro\/"},{"@type":"ListItem","position":2,"name":"Match Impro El\u00e8ves"}]},{"@type":"WebSite","@id":"https:\/\/standimpro.ch\/particuliers\/#website","url":"https:\/\/standimpro.ch\/particuliers\/","name":"","description":"","potentialAction":[{"@type":"SearchAction","target":{"@type":"EntryPoint","urlTemplate":"https:\/\/standimpro.ch\/particuliers\/?s={search_term_string}"},"query-input":{"@type":"PropertyValueSpecification","valueRequired":true,"valueName":"search_term_string"}}],"inLanguage":"fr-FR"},{"@type":"Person","@id":"https:\/\/standimpro.ch\/particuliers\/#\/schema\/person\/d33c2f5702352f109742b22e2a00d111","name":"Andreas Ventouras","image":{"@type":"ImageObject","inLanguage":"fr-FR","@id":"https:\/\/standimpro.ch\/particuliers\/#\/schema\/person\/image\/","url":"https:\/\/secure.gravatar.com\/avatar\/bb9229b1d690d5c732ec8df34f0ee54fda2edbb9956772a950962d1446caf04f?s=96&d=mm&r=g","contentUrl":"https:\/\/secure.gravatar.com\/avatar\/bb9229b1d690d5c732ec8df34f0ee54fda2edbb9956772a950962d1446caf04f?s=96&d=mm&r=g","caption":"Andreas Ventouras"},"description":"Andreas Ventouras, Fondateur et Pr\u00e9sident de Stand'Impro. Il est Formateur \u00e0 la prise de parole en public pour de nombreuses collectivit\u00e9s publiques (Etat de Gen\u00e8ve, Ville de Gen\u00e8ve et autres) ainsi que des entreprises. . Il donne des cours d'improvisation \u00e0 Gen\u00e8ve et se produit r\u00e9guli\u00e8rement sur sc\u00e8ne.","url":"https:\/\/standimpro.ch\/particuliers\/author\/andreas\/"}]}},"_links":{"self":[{"href":"https:\/\/standimpro.ch\/particuliers\/wp-json\/wp\/v2\/posts\/5966","targetHints":{"allow":["GET"]}}],"collection":[{"href":"https:\/\/standimpro.ch\/particuliers\/wp-json\/wp\/v2\/posts"}],"about":[{"href":"https:\/\/standimpro.ch\/particuliers\/wp-json\/wp\/v2\/types\/post"}],"author":[{"embeddable":true,"href":"https:\/\/standimpro.ch\/particuliers\/wp-json\/wp\/v2\/users\/1"}],"replies":[{"embeddable":true,"href":"https:\/\/standimpro.ch\/particuliers\/wp-json\/wp\/v2\/comments?post=5966"}],"version-history":[{"count":9,"href":"https:\/\/standimpro.ch\/particuliers\/wp-json\/wp\/v2\/posts\/5966\/revisions"}],"predecessor-version":[{"id":7056,"href":"https:\/\/standimpro.ch\/particuliers\/wp-json\/wp\/v2\/posts\/5966\/revisions\/7056"}],"wp:attachment":[{"href":"https:\/\/standimpro.ch\/particuliers\/wp-json\/wp\/v2\/media?parent=5966"}],"wp:term":[{"taxonomy":"category","embeddable":true,"href":"https:\/\/standimpro.ch\/particuliers\/wp-json\/wp\/v2\/categories?post=5966"},{"taxonomy":"post_tag","embeddable":true,"href":"https:\/\/standimpro.ch\/particuliers\/wp-json\/wp\/v2\/tags?post=5966"}],"curies":[{"name":"wp","href":"https:\/\/api.w.org\/{rel}","templated":true}]}}