{"id":6233,"date":"2023-02-21T16:01:50","date_gmt":"2023-02-21T15:01:50","guid":{"rendered":"https:\/\/standimpro.ch\/particuliers\/?p=6233"},"modified":"2023-10-30T12:01:18","modified_gmt":"2023-10-30T11:01:18","slug":"spectacle-eleves","status":"publish","type":"post","link":"https:\/\/standimpro.ch\/particuliers\/spectacle-eleves\/","title":{"rendered":"Spectacle \u00e9l\u00e8ves"},"content":{"rendered":"\n<style type=\"text\/css\" data-created_by=\"avia_inline_auto\" id=\"style-css-av-locsds97-8b19b1620772098d3473f60926bc581b\">\n#top .av-special-heading.av-locsds97-8b19b1620772098d3473f60926bc581b{\npadding-bottom:10px;\n}\nbody .av-special-heading.av-locsds97-8b19b1620772098d3473f60926bc581b .av-special-heading-tag .heading-char{\nfont-size:25px;\n}\n.av-special-heading.av-locsds97-8b19b1620772098d3473f60926bc581b .av-subheading{\nfont-size:15px;\n}\n<\/style>\n<div  class='av-special-heading av-locsds97-8b19b1620772098d3473f60926bc581b av-special-heading-h3  avia-builder-el-0  el_before_av_one_half  avia-builder-el-first '><h3 class='av-special-heading-tag '  itemprop=\"headline\"  >Les \u00e9l\u00e8ves font le battle!!!<\/h3><div class=\"special-heading-border\"><div class=\"special-heading-inner-border\"><\/div><\/div><\/div>\n\n<style type=\"text\/css\" data-created_by=\"avia_inline_auto\" id=\"style-css-av-3llk21-228bcd3bf19dfe6349683e2bb80145d8\">\n.flex_column.av-3llk21-228bcd3bf19dfe6349683e2bb80145d8{\nborder-radius:0px 0px 0px 0px;\npadding:0px 0px 0px 0px;\n}\n<\/style>\n<div  class='flex_column av-3llk21-228bcd3bf19dfe6349683e2bb80145d8 av_one_half  avia-builder-el-1  el_after_av_heading  el_before_av_one_half  first flex_column_div av-zero-column-padding  '     ><section  class='av_textblock_section av-locsf43m-1c99cf5070f854c9e4dc404d3e562b8e '   itemscope=\"itemscope\" itemtype=\"https:\/\/schema.org\/BlogPosting\" itemprop=\"blogPost\" ><div class='avia_textblock'  itemprop=\"text\" ><p><a href=\"https:\/\/standimpro.ch\/particuliers\/wp-content\/uploads\/2023\/02\/Spectacle-10-Novembre.png\"><img fetchpriority=\"high\" decoding=\"async\" src=\"https:\/\/standimpro.ch\/particuliers\/wp-content\/uploads\/2023\/02\/Spectacle-10-Novembre-1063x1500.png\" alt=\"\" width=\"1063\" height=\"1500\" class=\"alignnone size-extra_large wp-image-6841\" srcset=\"https:\/\/standimpro.ch\/particuliers\/wp-content\/uploads\/2023\/02\/Spectacle-10-Novembre-1063x1500.png 1063w, https:\/\/standimpro.ch\/particuliers\/wp-content\/uploads\/2023\/02\/Spectacle-10-Novembre-213x300.png 213w, https:\/\/standimpro.ch\/particuliers\/wp-content\/uploads\/2023\/02\/Spectacle-10-Novembre-730x1030.png 730w, https:\/\/standimpro.ch\/particuliers\/wp-content\/uploads\/2023\/02\/Spectacle-10-Novembre-768x1084.png 768w, https:\/\/standimpro.ch\/particuliers\/wp-content\/uploads\/2023\/02\/Spectacle-10-Novembre-1088x1536.png 1088w, https:\/\/standimpro.ch\/particuliers\/wp-content\/uploads\/2023\/02\/Spectacle-10-Novembre-1451x2048.png 1451w, https:\/\/standimpro.ch\/particuliers\/wp-content\/uploads\/2023\/02\/Spectacle-10-Novembre-499x705.png 499w\" sizes=\"(max-width: 1063px) 100vw, 1063px\" \/><\/a><\/p>\n<\/div><\/section><\/div>\n<style type=\"text\/css\" data-created_by=\"avia_inline_auto\" id=\"style-css-av-23p6nt-b82406820f1e2dafa563c802be0aeff0\">\n.flex_column.av-23p6nt-b82406820f1e2dafa563c802be0aeff0{\nborder-radius:0px 0px 0px 0px;\npadding:0px 0px 0px 0px;\n}\n<\/style>\n<div  class='flex_column av-23p6nt-b82406820f1e2dafa563c802be0aeff0 av_one_half  avia-builder-el-3  el_after_av_one_half  avia-builder-el-last  flex_column_div av-zero-column-padding  '     ><section  class='av_textblock_section av-leeditrg-3bc6460c05458d095f1fef53ec203ba1 '   itemscope=\"itemscope\" itemtype=\"https:\/\/schema.org\/BlogPosting\" itemprop=\"blogPost\" ><div class='avia_textblock'  itemprop=\"text\" ><p>Venez assister \u00e0 un combat th\u00e9\u00e2tral in\u00e9dit.<\/p>\n<p>Nos \u00e9l\u00e8ves interm\u00e9diaires vont s\u2019affronter sur sc\u00e8ne pour votre plus grand plaisir.<br \/>\nVous leur imposerez vos id\u00e9es, vos th\u00e8mes, vos id\u00e9es les plus folles et ils devront composer un spectacle improvis\u00e9 sous vos yeux.<br \/>\nComment l\u2019improbable se transforme en fous rires g\u00e9n\u00e9ralis\u00e9s?<br \/>\nPour le savoir, il va falloir venir les voir!!<\/p>\n<p><strong>Vous retrouverez sur sc\u00e8ne:<\/strong><br \/>\nFien- Pedro- Christina- Benjamin- Lea- Florian-Michel- Sandy<\/p>\n<p><strong>Date:<\/strong> Vendredi 10 Novembre<br \/>\n<strong>Heure: <\/strong>19h30<br \/>\n<strong>Lieu:<\/strong> \u00a0Espace de quartier S\u00e9cheron- 2 rue Anne Torcapel<br \/>\n<strong>R\u00e9servations<\/strong>: info@standimpro.ch<br \/>\n<strong>Prix: <\/strong>entr\u00e9e libre<\/p>\n<\/div><\/section><\/div><\/p>\n<!-- AddThis Advanced Settings generic via filter on the_content --><!-- AddThis Share Buttons generic via filter on the_content -->","protected":false},"excerpt":{"rendered":"<p><!-- AddThis Advanced Settings generic via filter on get_the_excerpt --><!-- AddThis Share Buttons generic via filter on get_the_excerpt --><\/p>\n","protected":false},"author":1,"featured_media":0,"comment_status":"open","ping_status":"open","sticky":false,"template":"","format":"standard","meta":{"footnotes":""},"categories":[1],"tags":[],"class_list":["post-6233","post","type-post","status-publish","format-standard","hentry","category-la-prise-de-parole-en-public-2"],"yoast_head":"<!-- This site is optimized with the Yoast SEO plugin v27.1.1 - https:\/\/yoast.com\/product\/yoast-seo-wordpress\/ -->\n<title>Spectacle \u00e9l\u00e8ves -<\/title>\n<meta name=\"robots\" content=\"index, follow, max-snippet:-1, max-image-preview:large, max-video-preview:-1\" \/>\n<link rel=\"canonical\" href=\"https:\/\/standimpro.ch\/particuliers\/spectacle-eleves\/\" \/>\n<meta property=\"og:locale\" content=\"fr_FR\" \/>\n<meta property=\"og:type\" content=\"article\" \/>\n<meta property=\"og:title\" content=\"Spectacle \u00e9l\u00e8ves -\" \/>\n<meta property=\"og:url\" content=\"https:\/\/standimpro.ch\/particuliers\/spectacle-eleves\/\" \/>\n<meta property=\"article:publisher\" content=\"https:\/\/www.facebook.com\/standimpro\/?ref=aymt_homepage_panel\" \/>\n<meta property=\"article:published_time\" content=\"2023-02-21T15:01:50+00:00\" \/>\n<meta property=\"article:modified_time\" content=\"2023-10-30T11:01:18+00:00\" \/>\n<meta property=\"og:image\" content=\"https:\/\/standimpro.ch\/particuliers\/wp-content\/uploads\/2023\/02\/Spectacle-10-Novembre-1063x1500.png\" \/>\n<meta name=\"author\" content=\"Andreas Ventouras\" \/>\n<meta name=\"twitter:label1\" content=\"\u00c9crit par\" \/>\n\t<meta name=\"twitter:data1\" content=\"Andreas Ventouras\" \/>\n\t<meta name=\"twitter:label2\" content=\"Dur\u00e9e de lecture estim\u00e9e\" \/>\n\t<meta name=\"twitter:data2\" content=\"2 minutes\" \/>\n<script type=\"application\/ld+json\" class=\"yoast-schema-graph\">{\"@context\":\"https:\/\/schema.org\",\"@graph\":[{\"@type\":\"Article\",\"@id\":\"https:\/\/standimpro.ch\/particuliers\/spectacle-eleves\/#article\",\"isPartOf\":{\"@id\":\"https:\/\/standimpro.ch\/particuliers\/spectacle-eleves\/\"},\"author\":{\"name\":\"Andreas Ventouras\",\"@id\":\"https:\/\/standimpro.ch\/particuliers\/#\/schema\/person\/d33c2f5702352f109742b22e2a00d111\"},\"headline\":\"Spectacle \u00e9l\u00e8ves\",\"datePublished\":\"2023-02-21T15:01:50+00:00\",\"dateModified\":\"2023-10-30T11:01:18+00:00\",\"mainEntityOfPage\":{\"@id\":\"https:\/\/standimpro.ch\/particuliers\/spectacle-eleves\/\"},\"wordCount\":368,\"commentCount\":0,\"image\":{\"@id\":\"https:\/\/standimpro.ch\/particuliers\/spectacle-eleves\/#primaryimage\"},\"thumbnailUrl\":\"https:\/\/standimpro.ch\/particuliers\/wp-content\/uploads\/2023\/02\/Spectacle-10-Novembre-1063x1500.png\",\"articleSection\":[\"La Prise de Parole en Public\"],\"inLanguage\":\"fr-FR\",\"potentialAction\":[{\"@type\":\"CommentAction\",\"name\":\"Comment\",\"target\":[\"https:\/\/standimpro.ch\/particuliers\/spectacle-eleves\/#respond\"]}]},{\"@type\":\"WebPage\",\"@id\":\"https:\/\/standimpro.ch\/particuliers\/spectacle-eleves\/\",\"url\":\"https:\/\/standimpro.ch\/particuliers\/spectacle-eleves\/\",\"name\":\"Spectacle \u00e9l\u00e8ves -\",\"isPartOf\":{\"@id\":\"https:\/\/standimpro.ch\/particuliers\/#website\"},\"primaryImageOfPage\":{\"@id\":\"https:\/\/standimpro.ch\/particuliers\/spectacle-eleves\/#primaryimage\"},\"image\":{\"@id\":\"https:\/\/standimpro.ch\/particuliers\/spectacle-eleves\/#primaryimage\"},\"thumbnailUrl\":\"https:\/\/standimpro.ch\/particuliers\/wp-content\/uploads\/2023\/02\/Spectacle-10-Novembre-1063x1500.png\",\"datePublished\":\"2023-02-21T15:01:50+00:00\",\"dateModified\":\"2023-10-30T11:01:18+00:00\",\"author\":{\"@id\":\"https:\/\/standimpro.ch\/particuliers\/#\/schema\/person\/d33c2f5702352f109742b22e2a00d111\"},\"breadcrumb\":{\"@id\":\"https:\/\/standimpro.ch\/particuliers\/spectacle-eleves\/#breadcrumb\"},\"inLanguage\":\"fr-FR\",\"potentialAction\":[{\"@type\":\"ReadAction\",\"target\":[\"https:\/\/standimpro.ch\/particuliers\/spectacle-eleves\/\"]}]},{\"@type\":\"ImageObject\",\"inLanguage\":\"fr-FR\",\"@id\":\"https:\/\/standimpro.ch\/particuliers\/spectacle-eleves\/#primaryimage\",\"url\":\"https:\/\/standimpro.ch\/particuliers\/wp-content\/uploads\/2023\/02\/Spectacle-10-Novembre.png\",\"contentUrl\":\"https:\/\/standimpro.ch\/particuliers\/wp-content\/uploads\/2023\/02\/Spectacle-10-Novembre.png\",\"width\":3531,\"height\":4984},{\"@type\":\"BreadcrumbList\",\"@id\":\"https:\/\/standimpro.ch\/particuliers\/spectacle-eleves\/#breadcrumb\",\"itemListElement\":[{\"@type\":\"ListItem\",\"position\":1,\"name\":\"Accueil\",\"item\":\"https:\/\/standimpro.ch\/particuliers\/impro\/\"},{\"@type\":\"ListItem\",\"position\":2,\"name\":\"Spectacle \u00e9l\u00e8ves\"}]},{\"@type\":\"WebSite\",\"@id\":\"https:\/\/standimpro.ch\/particuliers\/#website\",\"url\":\"https:\/\/standimpro.ch\/particuliers\/\",\"name\":\"\",\"description\":\"\",\"potentialAction\":[{\"@type\":\"SearchAction\",\"target\":{\"@type\":\"EntryPoint\",\"urlTemplate\":\"https:\/\/standimpro.ch\/particuliers\/?s={search_term_string}\"},\"query-input\":{\"@type\":\"PropertyValueSpecification\",\"valueRequired\":true,\"valueName\":\"search_term_string\"}}],\"inLanguage\":\"fr-FR\"},{\"@type\":\"Person\",\"@id\":\"https:\/\/standimpro.ch\/particuliers\/#\/schema\/person\/d33c2f5702352f109742b22e2a00d111\",\"name\":\"Andreas Ventouras\",\"image\":{\"@type\":\"ImageObject\",\"inLanguage\":\"fr-FR\",\"@id\":\"https:\/\/standimpro.ch\/particuliers\/#\/schema\/person\/image\/\",\"url\":\"https:\/\/secure.gravatar.com\/avatar\/bb9229b1d690d5c732ec8df34f0ee54fda2edbb9956772a950962d1446caf04f?s=96&d=mm&r=g\",\"contentUrl\":\"https:\/\/secure.gravatar.com\/avatar\/bb9229b1d690d5c732ec8df34f0ee54fda2edbb9956772a950962d1446caf04f?s=96&d=mm&r=g\",\"caption\":\"Andreas Ventouras\"},\"description\":\"Andreas Ventouras, Fondateur et Pr\u00e9sident de Stand'Impro. Il est Formateur \u00e0 la prise de parole en public pour de nombreuses collectivit\u00e9s publiques (Etat de Gen\u00e8ve, Ville de Gen\u00e8ve et autres) ainsi que des entreprises. . Il donne des cours d'improvisation \u00e0 Gen\u00e8ve et se produit r\u00e9guli\u00e8rement sur sc\u00e8ne.\",\"url\":\"https:\/\/standimpro.ch\/particuliers\/author\/andreas\/\"}]}<\/script>\n<!-- \/ Yoast SEO plugin. -->","yoast_head_json":{"title":"Spectacle \u00e9l\u00e8ves -","robots":{"index":"index","follow":"follow","max-snippet":"max-snippet:-1","max-image-preview":"max-image-preview:large","max-video-preview":"max-video-preview:-1"},"canonical":"https:\/\/standimpro.ch\/particuliers\/spectacle-eleves\/","og_locale":"fr_FR","og_type":"article","og_title":"Spectacle \u00e9l\u00e8ves -","og_url":"https:\/\/standimpro.ch\/particuliers\/spectacle-eleves\/","article_publisher":"https:\/\/www.facebook.com\/standimpro\/?ref=aymt_homepage_panel","article_published_time":"2023-02-21T15:01:50+00:00","article_modified_time":"2023-10-30T11:01:18+00:00","og_image":[{"url":"https:\/\/standimpro.ch\/particuliers\/wp-content\/uploads\/2023\/02\/Spectacle-10-Novembre-1063x1500.png","type":"","width":"","height":""}],"author":"Andreas Ventouras","twitter_misc":{"\u00c9crit par":"Andreas Ventouras","Dur\u00e9e de lecture estim\u00e9e":"2 minutes"},"schema":{"@context":"https:\/\/schema.org","@graph":[{"@type":"Article","@id":"https:\/\/standimpro.ch\/particuliers\/spectacle-eleves\/#article","isPartOf":{"@id":"https:\/\/standimpro.ch\/particuliers\/spectacle-eleves\/"},"author":{"name":"Andreas Ventouras","@id":"https:\/\/standimpro.ch\/particuliers\/#\/schema\/person\/d33c2f5702352f109742b22e2a00d111"},"headline":"Spectacle \u00e9l\u00e8ves","datePublished":"2023-02-21T15:01:50+00:00","dateModified":"2023-10-30T11:01:18+00:00","mainEntityOfPage":{"@id":"https:\/\/standimpro.ch\/particuliers\/spectacle-eleves\/"},"wordCount":368,"commentCount":0,"image":{"@id":"https:\/\/standimpro.ch\/particuliers\/spectacle-eleves\/#primaryimage"},"thumbnailUrl":"https:\/\/standimpro.ch\/particuliers\/wp-content\/uploads\/2023\/02\/Spectacle-10-Novembre-1063x1500.png","articleSection":["La Prise de Parole en Public"],"inLanguage":"fr-FR","potentialAction":[{"@type":"CommentAction","name":"Comment","target":["https:\/\/standimpro.ch\/particuliers\/spectacle-eleves\/#respond"]}]},{"@type":"WebPage","@id":"https:\/\/standimpro.ch\/particuliers\/spectacle-eleves\/","url":"https:\/\/standimpro.ch\/particuliers\/spectacle-eleves\/","name":"Spectacle \u00e9l\u00e8ves -","isPartOf":{"@id":"https:\/\/standimpro.ch\/particuliers\/#website"},"primaryImageOfPage":{"@id":"https:\/\/standimpro.ch\/particuliers\/spectacle-eleves\/#primaryimage"},"image":{"@id":"https:\/\/standimpro.ch\/particuliers\/spectacle-eleves\/#primaryimage"},"thumbnailUrl":"https:\/\/standimpro.ch\/particuliers\/wp-content\/uploads\/2023\/02\/Spectacle-10-Novembre-1063x1500.png","datePublished":"2023-02-21T15:01:50+00:00","dateModified":"2023-10-30T11:01:18+00:00","author":{"@id":"https:\/\/standimpro.ch\/particuliers\/#\/schema\/person\/d33c2f5702352f109742b22e2a00d111"},"breadcrumb":{"@id":"https:\/\/standimpro.ch\/particuliers\/spectacle-eleves\/#breadcrumb"},"inLanguage":"fr-FR","potentialAction":[{"@type":"ReadAction","target":["https:\/\/standimpro.ch\/particuliers\/spectacle-eleves\/"]}]},{"@type":"ImageObject","inLanguage":"fr-FR","@id":"https:\/\/standimpro.ch\/particuliers\/spectacle-eleves\/#primaryimage","url":"https:\/\/standimpro.ch\/particuliers\/wp-content\/uploads\/2023\/02\/Spectacle-10-Novembre.png","contentUrl":"https:\/\/standimpro.ch\/particuliers\/wp-content\/uploads\/2023\/02\/Spectacle-10-Novembre.png","width":3531,"height":4984},{"@type":"BreadcrumbList","@id":"https:\/\/standimpro.ch\/particuliers\/spectacle-eleves\/#breadcrumb","itemListElement":[{"@type":"ListItem","position":1,"name":"Accueil","item":"https:\/\/standimpro.ch\/particuliers\/impro\/"},{"@type":"ListItem","position":2,"name":"Spectacle \u00e9l\u00e8ves"}]},{"@type":"WebSite","@id":"https:\/\/standimpro.ch\/particuliers\/#website","url":"https:\/\/standimpro.ch\/particuliers\/","name":"","description":"","potentialAction":[{"@type":"SearchAction","target":{"@type":"EntryPoint","urlTemplate":"https:\/\/standimpro.ch\/particuliers\/?s={search_term_string}"},"query-input":{"@type":"PropertyValueSpecification","valueRequired":true,"valueName":"search_term_string"}}],"inLanguage":"fr-FR"},{"@type":"Person","@id":"https:\/\/standimpro.ch\/particuliers\/#\/schema\/person\/d33c2f5702352f109742b22e2a00d111","name":"Andreas Ventouras","image":{"@type":"ImageObject","inLanguage":"fr-FR","@id":"https:\/\/standimpro.ch\/particuliers\/#\/schema\/person\/image\/","url":"https:\/\/secure.gravatar.com\/avatar\/bb9229b1d690d5c732ec8df34f0ee54fda2edbb9956772a950962d1446caf04f?s=96&d=mm&r=g","contentUrl":"https:\/\/secure.gravatar.com\/avatar\/bb9229b1d690d5c732ec8df34f0ee54fda2edbb9956772a950962d1446caf04f?s=96&d=mm&r=g","caption":"Andreas Ventouras"},"description":"Andreas Ventouras, Fondateur et Pr\u00e9sident de Stand'Impro. Il est Formateur \u00e0 la prise de parole en public pour de nombreuses collectivit\u00e9s publiques (Etat de Gen\u00e8ve, Ville de Gen\u00e8ve et autres) ainsi que des entreprises. . Il donne des cours d'improvisation \u00e0 Gen\u00e8ve et se produit r\u00e9guli\u00e8rement sur sc\u00e8ne.","url":"https:\/\/standimpro.ch\/particuliers\/author\/andreas\/"}]}},"_links":{"self":[{"href":"https:\/\/standimpro.ch\/particuliers\/wp-json\/wp\/v2\/posts\/6233","targetHints":{"allow":["GET"]}}],"collection":[{"href":"https:\/\/standimpro.ch\/particuliers\/wp-json\/wp\/v2\/posts"}],"about":[{"href":"https:\/\/standimpro.ch\/particuliers\/wp-json\/wp\/v2\/types\/post"}],"author":[{"embeddable":true,"href":"https:\/\/standimpro.ch\/particuliers\/wp-json\/wp\/v2\/users\/1"}],"replies":[{"embeddable":true,"href":"https:\/\/standimpro.ch\/particuliers\/wp-json\/wp\/v2\/comments?post=6233"}],"version-history":[{"count":9,"href":"https:\/\/standimpro.ch\/particuliers\/wp-json\/wp\/v2\/posts\/6233\/revisions"}],"predecessor-version":[{"id":6419,"href":"https:\/\/standimpro.ch\/particuliers\/wp-json\/wp\/v2\/posts\/6233\/revisions\/6419"}],"wp:attachment":[{"href":"https:\/\/standimpro.ch\/particuliers\/wp-json\/wp\/v2\/media?parent=6233"}],"wp:term":[{"taxonomy":"category","embeddable":true,"href":"https:\/\/standimpro.ch\/particuliers\/wp-json\/wp\/v2\/categories?post=6233"},{"taxonomy":"post_tag","embeddable":true,"href":"https:\/\/standimpro.ch\/particuliers\/wp-json\/wp\/v2\/tags?post=6233"}],"curies":[{"name":"wp","href":"https:\/\/api.w.org\/{rel}","templated":true}]}}