{"id":7085,"date":"2024-01-31T18:48:05","date_gmt":"2024-01-31T17:48:05","guid":{"rendered":"https:\/\/standimpro.ch\/particuliers\/?p=7085"},"modified":"2024-01-31T18:48:05","modified_gmt":"2024-01-31T17:48:05","slug":"champion-du-monde","status":"publish","type":"post","link":"https:\/\/standimpro.ch\/particuliers\/champion-du-monde\/","title":{"rendered":"Champion du monde"},"content":{"rendered":"<!-- AddThis Advanced Settings generic via filter on the_content --><!-- AddThis Share Buttons generic via filter on the_content -->","protected":false},"excerpt":{"rendered":"<p><!-- AddThis Advanced Settings generic via filter on get_the_excerpt --><!-- AddThis Share Buttons generic via filter on get_the_excerpt --><\/p>\n","protected":false},"author":1,"featured_media":0,"comment_status":"open","ping_status":"open","sticky":false,"template":"","format":"standard","meta":{"footnotes":""},"categories":[1],"tags":[],"class_list":["post-7085","post","type-post","status-publish","format-standard","hentry","category-la-prise-de-parole-en-public-2"],"yoast_head":"<!-- This site is optimized with the Yoast SEO plugin v27.1.1 - https:\/\/yoast.com\/product\/yoast-seo-wordpress\/ -->\n<title>Champion du monde -<\/title>\n<meta name=\"robots\" content=\"index, follow, max-snippet:-1, max-image-preview:large, max-video-preview:-1\" \/>\n<link rel=\"canonical\" href=\"https:\/\/standimpro.ch\/particuliers\/champion-du-monde\/\" \/>\n<meta property=\"og:locale\" content=\"fr_FR\" \/>\n<meta property=\"og:type\" content=\"article\" \/>\n<meta property=\"og:title\" content=\"Champion du monde -\" \/>\n<meta property=\"og:url\" content=\"https:\/\/standimpro.ch\/particuliers\/champion-du-monde\/\" \/>\n<meta property=\"article:publisher\" content=\"https:\/\/www.facebook.com\/standimpro\/?ref=aymt_homepage_panel\" \/>\n<meta property=\"article:published_time\" content=\"2024-01-31T17:48:05+00:00\" \/>\n<meta name=\"author\" content=\"Andreas Ventouras\" \/>\n<meta name=\"twitter:label1\" content=\"\u00c9crit par\" \/>\n\t<meta name=\"twitter:data1\" content=\"Andreas Ventouras\" \/>\n<script type=\"application\/ld+json\" class=\"yoast-schema-graph\">{\"@context\":\"https:\/\/schema.org\",\"@graph\":[{\"@type\":\"Article\",\"@id\":\"https:\/\/standimpro.ch\/particuliers\/champion-du-monde\/#article\",\"isPartOf\":{\"@id\":\"https:\/\/standimpro.ch\/particuliers\/champion-du-monde\/\"},\"author\":{\"name\":\"Andreas Ventouras\",\"@id\":\"https:\/\/standimpro.ch\/particuliers\/#\/schema\/person\/d33c2f5702352f109742b22e2a00d111\"},\"headline\":\"Champion du monde\",\"datePublished\":\"2024-01-31T17:48:05+00:00\",\"mainEntityOfPage\":{\"@id\":\"https:\/\/standimpro.ch\/particuliers\/champion-du-monde\/\"},\"wordCount\":3,\"commentCount\":0,\"articleSection\":[\"La Prise de Parole en Public\"],\"inLanguage\":\"fr-FR\",\"potentialAction\":[{\"@type\":\"CommentAction\",\"name\":\"Comment\",\"target\":[\"https:\/\/standimpro.ch\/particuliers\/champion-du-monde\/#respond\"]}]},{\"@type\":\"WebPage\",\"@id\":\"https:\/\/standimpro.ch\/particuliers\/champion-du-monde\/\",\"url\":\"https:\/\/standimpro.ch\/particuliers\/champion-du-monde\/\",\"name\":\"Champion du monde -\",\"isPartOf\":{\"@id\":\"https:\/\/standimpro.ch\/particuliers\/#website\"},\"datePublished\":\"2024-01-31T17:48:05+00:00\",\"author\":{\"@id\":\"https:\/\/standimpro.ch\/particuliers\/#\/schema\/person\/d33c2f5702352f109742b22e2a00d111\"},\"breadcrumb\":{\"@id\":\"https:\/\/standimpro.ch\/particuliers\/champion-du-monde\/#breadcrumb\"},\"inLanguage\":\"fr-FR\",\"potentialAction\":[{\"@type\":\"ReadAction\",\"target\":[\"https:\/\/standimpro.ch\/particuliers\/champion-du-monde\/\"]}]},{\"@type\":\"BreadcrumbList\",\"@id\":\"https:\/\/standimpro.ch\/particuliers\/champion-du-monde\/#breadcrumb\",\"itemListElement\":[{\"@type\":\"ListItem\",\"position\":1,\"name\":\"Accueil\",\"item\":\"https:\/\/standimpro.ch\/particuliers\/impro\/\"},{\"@type\":\"ListItem\",\"position\":2,\"name\":\"Champion du monde\"}]},{\"@type\":\"WebSite\",\"@id\":\"https:\/\/standimpro.ch\/particuliers\/#website\",\"url\":\"https:\/\/standimpro.ch\/particuliers\/\",\"name\":\"\",\"description\":\"\",\"potentialAction\":[{\"@type\":\"SearchAction\",\"target\":{\"@type\":\"EntryPoint\",\"urlTemplate\":\"https:\/\/standimpro.ch\/particuliers\/?s={search_term_string}\"},\"query-input\":{\"@type\":\"PropertyValueSpecification\",\"valueRequired\":true,\"valueName\":\"search_term_string\"}}],\"inLanguage\":\"fr-FR\"},{\"@type\":\"Person\",\"@id\":\"https:\/\/standimpro.ch\/particuliers\/#\/schema\/person\/d33c2f5702352f109742b22e2a00d111\",\"name\":\"Andreas Ventouras\",\"image\":{\"@type\":\"ImageObject\",\"inLanguage\":\"fr-FR\",\"@id\":\"https:\/\/standimpro.ch\/particuliers\/#\/schema\/person\/image\/\",\"url\":\"https:\/\/secure.gravatar.com\/avatar\/bb9229b1d690d5c732ec8df34f0ee54fda2edbb9956772a950962d1446caf04f?s=96&d=mm&r=g\",\"contentUrl\":\"https:\/\/secure.gravatar.com\/avatar\/bb9229b1d690d5c732ec8df34f0ee54fda2edbb9956772a950962d1446caf04f?s=96&d=mm&r=g\",\"caption\":\"Andreas Ventouras\"},\"description\":\"Andreas Ventouras, Fondateur et Pr\u00e9sident de Stand'Impro. Il est Formateur \u00e0 la prise de parole en public pour de nombreuses collectivit\u00e9s publiques (Etat de Gen\u00e8ve, Ville de Gen\u00e8ve et autres) ainsi que des entreprises. . Il donne des cours d'improvisation \u00e0 Gen\u00e8ve et se produit r\u00e9guli\u00e8rement sur sc\u00e8ne.\",\"url\":\"https:\/\/standimpro.ch\/particuliers\/author\/andreas\/\"}]}<\/script>\n<!-- \/ Yoast SEO plugin. -->","yoast_head_json":{"title":"Champion du monde -","robots":{"index":"index","follow":"follow","max-snippet":"max-snippet:-1","max-image-preview":"max-image-preview:large","max-video-preview":"max-video-preview:-1"},"canonical":"https:\/\/standimpro.ch\/particuliers\/champion-du-monde\/","og_locale":"fr_FR","og_type":"article","og_title":"Champion du monde -","og_url":"https:\/\/standimpro.ch\/particuliers\/champion-du-monde\/","article_publisher":"https:\/\/www.facebook.com\/standimpro\/?ref=aymt_homepage_panel","article_published_time":"2024-01-31T17:48:05+00:00","author":"Andreas Ventouras","twitter_misc":{"\u00c9crit par":"Andreas Ventouras"},"schema":{"@context":"https:\/\/schema.org","@graph":[{"@type":"Article","@id":"https:\/\/standimpro.ch\/particuliers\/champion-du-monde\/#article","isPartOf":{"@id":"https:\/\/standimpro.ch\/particuliers\/champion-du-monde\/"},"author":{"name":"Andreas Ventouras","@id":"https:\/\/standimpro.ch\/particuliers\/#\/schema\/person\/d33c2f5702352f109742b22e2a00d111"},"headline":"Champion du monde","datePublished":"2024-01-31T17:48:05+00:00","mainEntityOfPage":{"@id":"https:\/\/standimpro.ch\/particuliers\/champion-du-monde\/"},"wordCount":3,"commentCount":0,"articleSection":["La Prise de Parole en Public"],"inLanguage":"fr-FR","potentialAction":[{"@type":"CommentAction","name":"Comment","target":["https:\/\/standimpro.ch\/particuliers\/champion-du-monde\/#respond"]}]},{"@type":"WebPage","@id":"https:\/\/standimpro.ch\/particuliers\/champion-du-monde\/","url":"https:\/\/standimpro.ch\/particuliers\/champion-du-monde\/","name":"Champion du monde -","isPartOf":{"@id":"https:\/\/standimpro.ch\/particuliers\/#website"},"datePublished":"2024-01-31T17:48:05+00:00","author":{"@id":"https:\/\/standimpro.ch\/particuliers\/#\/schema\/person\/d33c2f5702352f109742b22e2a00d111"},"breadcrumb":{"@id":"https:\/\/standimpro.ch\/particuliers\/champion-du-monde\/#breadcrumb"},"inLanguage":"fr-FR","potentialAction":[{"@type":"ReadAction","target":["https:\/\/standimpro.ch\/particuliers\/champion-du-monde\/"]}]},{"@type":"BreadcrumbList","@id":"https:\/\/standimpro.ch\/particuliers\/champion-du-monde\/#breadcrumb","itemListElement":[{"@type":"ListItem","position":1,"name":"Accueil","item":"https:\/\/standimpro.ch\/particuliers\/impro\/"},{"@type":"ListItem","position":2,"name":"Champion du monde"}]},{"@type":"WebSite","@id":"https:\/\/standimpro.ch\/particuliers\/#website","url":"https:\/\/standimpro.ch\/particuliers\/","name":"","description":"","potentialAction":[{"@type":"SearchAction","target":{"@type":"EntryPoint","urlTemplate":"https:\/\/standimpro.ch\/particuliers\/?s={search_term_string}"},"query-input":{"@type":"PropertyValueSpecification","valueRequired":true,"valueName":"search_term_string"}}],"inLanguage":"fr-FR"},{"@type":"Person","@id":"https:\/\/standimpro.ch\/particuliers\/#\/schema\/person\/d33c2f5702352f109742b22e2a00d111","name":"Andreas Ventouras","image":{"@type":"ImageObject","inLanguage":"fr-FR","@id":"https:\/\/standimpro.ch\/particuliers\/#\/schema\/person\/image\/","url":"https:\/\/secure.gravatar.com\/avatar\/bb9229b1d690d5c732ec8df34f0ee54fda2edbb9956772a950962d1446caf04f?s=96&d=mm&r=g","contentUrl":"https:\/\/secure.gravatar.com\/avatar\/bb9229b1d690d5c732ec8df34f0ee54fda2edbb9956772a950962d1446caf04f?s=96&d=mm&r=g","caption":"Andreas Ventouras"},"description":"Andreas Ventouras, Fondateur et Pr\u00e9sident de Stand'Impro. Il est Formateur \u00e0 la prise de parole en public pour de nombreuses collectivit\u00e9s publiques (Etat de Gen\u00e8ve, Ville de Gen\u00e8ve et autres) ainsi que des entreprises. . Il donne des cours d'improvisation \u00e0 Gen\u00e8ve et se produit r\u00e9guli\u00e8rement sur sc\u00e8ne.","url":"https:\/\/standimpro.ch\/particuliers\/author\/andreas\/"}]}},"_links":{"self":[{"href":"https:\/\/standimpro.ch\/particuliers\/wp-json\/wp\/v2\/posts\/7085","targetHints":{"allow":["GET"]}}],"collection":[{"href":"https:\/\/standimpro.ch\/particuliers\/wp-json\/wp\/v2\/posts"}],"about":[{"href":"https:\/\/standimpro.ch\/particuliers\/wp-json\/wp\/v2\/types\/post"}],"author":[{"embeddable":true,"href":"https:\/\/standimpro.ch\/particuliers\/wp-json\/wp\/v2\/users\/1"}],"replies":[{"embeddable":true,"href":"https:\/\/standimpro.ch\/particuliers\/wp-json\/wp\/v2\/comments?post=7085"}],"version-history":[{"count":1,"href":"https:\/\/standimpro.ch\/particuliers\/wp-json\/wp\/v2\/posts\/7085\/revisions"}],"predecessor-version":[{"id":7086,"href":"https:\/\/standimpro.ch\/particuliers\/wp-json\/wp\/v2\/posts\/7085\/revisions\/7086"}],"wp:attachment":[{"href":"https:\/\/standimpro.ch\/particuliers\/wp-json\/wp\/v2\/media?parent=7085"}],"wp:term":[{"taxonomy":"category","embeddable":true,"href":"https:\/\/standimpro.ch\/particuliers\/wp-json\/wp\/v2\/categories?post=7085"},{"taxonomy":"post_tag","embeddable":true,"href":"https:\/\/standimpro.ch\/particuliers\/wp-json\/wp\/v2\/tags?post=7085"}],"curies":[{"name":"wp","href":"https:\/\/api.w.org\/{rel}","templated":true}]}}