{"id":7942,"date":"2024-05-24T10:46:16","date_gmt":"2024-05-24T09:46:16","guid":{"rendered":"https:\/\/standimpro.ch\/particuliers\/?p=7942"},"modified":"2025-05-15T08:52:37","modified_gmt":"2025-05-15T07:52:37","slug":"spectacles-eleves-8","status":"publish","type":"post","link":"https:\/\/standimpro.ch\/particuliers\/spectacles-eleves-8\/","title":{"rendered":"Spectacles \u00e9l\u00e8ves Carouge"},"content":{"rendered":"\n<style type=\"text\/css\" data-created_by=\"avia_inline_auto\" id=\"style-css-av-av_heading-7d0961ddddecca2833f961766dcdecfa\">\n#top .av-special-heading.av-av_heading-7d0961ddddecca2833f961766dcdecfa{\npadding-bottom:10px;\n}\nbody .av-special-heading.av-av_heading-7d0961ddddecca2833f961766dcdecfa .av-special-heading-tag .heading-char{\nfont-size:25px;\n}\n.av-special-heading.av-av_heading-7d0961ddddecca2833f961766dcdecfa .av-subheading{\nfont-size:15px;\n}\n<\/style>\n<div  class='av-special-heading av-av_heading-7d0961ddddecca2833f961766dcdecfa av-special-heading-h3  avia-builder-el-0  el_before_av_one_half  avia-builder-el-first '><h3 class='av-special-heading-tag '  itemprop=\"headline\"  >Les \u00e9l\u00e8ves font le show!!!<\/h3><div class=\"special-heading-border\"><div class=\"special-heading-inner-border\"><\/div><\/div><\/div>\n\n<style type=\"text\/css\" data-created_by=\"avia_inline_auto\" id=\"style-css-av-3q7x12-8f3409d6fd101b158f47e9beab0d7661\">\n.flex_column.av-3q7x12-8f3409d6fd101b158f47e9beab0d7661{\nborder-radius:0px 0px 0px 0px;\npadding:0px 0px 0px 0px;\n}\n<\/style>\n<div  class='flex_column av-3q7x12-8f3409d6fd101b158f47e9beab0d7661 av_one_half  avia-builder-el-1  el_after_av_heading  el_before_av_one_half  first flex_column_div av-zero-column-padding  '     ><style type=\"text\/css\" data-created_by=\"avia_inline_auto\" id=\"style-css-av-lwkhpmxi-16559e66b35b8830878ef650f174f460\">\n.avia-image-container.av-lwkhpmxi-16559e66b35b8830878ef650f174f460 img.avia_image{\nbox-shadow:none;\n}\n.avia-image-container.av-lwkhpmxi-16559e66b35b8830878ef650f174f460 .av-image-caption-overlay-center{\ncolor:#ffffff;\n}\n<\/style>\n<div  class='avia-image-container av-lwkhpmxi-16559e66b35b8830878ef650f174f460 av-styling- avia-align-center  avia-builder-el-2  avia-builder-el-no-sibling '   itemprop=\"image\" itemscope=\"itemscope\" itemtype=\"https:\/\/schema.org\/ImageObject\" ><div class=\"avia-image-container-inner\"><div class=\"avia-image-overlay-wrap\"><img fetchpriority=\"high\" fetchpriority=\"high\" class='wp-image-9659 avia-img-lazy-loading-not-9659 avia_image ' src='https:\/\/standimpro.ch\/particuliers\/wp-content\/uploads\/2024\/05\/21-juin-carouge-19h-pedro.png' alt='' title='21 juin carouge 19h pedro'  height=\"502\" width=\"1004\"  itemprop=\"thumbnailUrl\"  \/><\/div><\/div><\/div><\/div>\n<style type=\"text\/css\" data-created_by=\"avia_inline_auto\" id=\"style-css-av-1w3qau-82efd99de5c8f3408b1e3cabd7aea0b2\">\n.flex_column.av-1w3qau-82efd99de5c8f3408b1e3cabd7aea0b2{\nborder-radius:0px 0px 0px 0px;\npadding:0px 0px 0px 0px;\n}\n<\/style>\n<div  class='flex_column av-1w3qau-82efd99de5c8f3408b1e3cabd7aea0b2 av_one_half  avia-builder-el-3  el_after_av_one_half  avia-builder-el-last  flex_column_div av-zero-column-padding  '     ><section  class='av_textblock_section av-lwkhylxi-086974d83791a9800e6f77cc82edfd4d '   itemscope=\"itemscope\" itemtype=\"https:\/\/schema.org\/BlogPosting\" itemprop=\"blogPost\" ><div class='avia_textblock'  itemprop=\"text\" ><p>Nous nous r\u00e9jouissons de vous pr\u00e9senter le spectacle de fin d&rsquo;ann\u00e9e des \u00e9l\u00e8ves de<br \/>\nStand Impro.<\/p>\n<p>Un groupe de com\u00e9diens d\u00e9jant\u00e9s qui joueront par moment un pompier pyromane, une business woman en d\u00e9tresse, un flic pervers narcissique ou encore un astronaute en reconnaissance sur le Lac L\u00e9man!<br \/>\nCes r\u00f4les d\u00e9cal\u00e9s, c\u2019est VOUS qui allez pouvoir les leur imposer.<\/p>\n<p>Un bapt\u00eame pour certains, une confirmation pour d\u2019autres, venez d\u00e9couvrir dans une ambiance folle les tournants surprenants et inattendus de cette repr\u00e9sentation unique.<br \/>\nIls se r\u00e9jouissent de vous retrouver et de vous montrer tout le travail qu&rsquo;ils ont accompli depuis leur d\u00e9but.<\/p>\n<p>L&rsquo;entr\u00e9e est libre, venez les encourager et passez un vrai moment de d\u00e9tente!!!<\/p>\n<p><strong>Pour cette soir\u00e9e le spectacle est \u00e0 19h00 et les com\u00e9diens sont <\/strong>:<br \/>\n-Carlos<br \/>\n-Tiffany<br \/>\n-Lilia<br \/>\n-Loic<br \/>\n-Pedro<br \/>\n-Flo<br \/>\n-Sam<br \/>\n-Iola<br \/>\n-Amir<br \/>\n-Robin<\/p>\n<p>Date:<strong>Samedi 21 Juin<\/strong><br \/>\nHeure: <strong>19h00<\/strong><br \/>\nLieu:\u00a0<strong>Maison de quartier de Carouge<\/strong><br \/>\nR\u00e9servations:<strong> info@standimpro.ch<\/strong><br \/>\nPrix:<strong> entr\u00e9e libre<\/strong><\/p>\n<p><strong><a href=\"https:\/\/standimpro.ch\/particuliers\/les-cours-impro-geneve\/\">Cliquez ici pour plus d&rsquo;infos sur nos cours <\/a><\/strong><\/p>\n<\/div><\/section><\/div><\/p>\n<!-- AddThis Advanced Settings generic via filter on the_content --><!-- AddThis Share Buttons generic via filter on the_content -->","protected":false},"excerpt":{"rendered":"<p><!-- AddThis Advanced Settings generic via filter on get_the_excerpt --><!-- AddThis Share Buttons generic via filter on get_the_excerpt --><\/p>\n","protected":false},"author":1,"featured_media":0,"comment_status":"open","ping_status":"open","sticky":false,"template":"","format":"standard","meta":{"footnotes":""},"categories":[1],"tags":[],"class_list":["post-7942","post","type-post","status-publish","format-standard","hentry","category-la-prise-de-parole-en-public-2"],"yoast_head":"<!-- This site is optimized with the Yoast SEO plugin v27.1.1 - https:\/\/yoast.com\/product\/yoast-seo-wordpress\/ -->\n<title>Spectacles \u00e9l\u00e8ves Carouge -<\/title>\n<meta name=\"robots\" content=\"index, follow, max-snippet:-1, max-image-preview:large, max-video-preview:-1\" \/>\n<link rel=\"canonical\" href=\"https:\/\/standimpro.ch\/particuliers\/spectacles-eleves-8\/\" \/>\n<meta property=\"og:locale\" content=\"fr_FR\" \/>\n<meta property=\"og:type\" content=\"article\" \/>\n<meta property=\"og:title\" content=\"Spectacles \u00e9l\u00e8ves Carouge -\" \/>\n<meta property=\"og:url\" content=\"https:\/\/standimpro.ch\/particuliers\/spectacles-eleves-8\/\" \/>\n<meta property=\"article:publisher\" content=\"https:\/\/www.facebook.com\/standimpro\/?ref=aymt_homepage_panel\" \/>\n<meta property=\"article:published_time\" content=\"2024-05-24T09:46:16+00:00\" \/>\n<meta property=\"article:modified_time\" content=\"2025-05-15T07:52:37+00:00\" \/>\n<meta name=\"author\" content=\"Andreas Ventouras\" \/>\n<meta name=\"twitter:label1\" content=\"\u00c9crit par\" \/>\n\t<meta name=\"twitter:data1\" content=\"Andreas Ventouras\" \/>\n\t<meta name=\"twitter:label2\" content=\"Dur\u00e9e de lecture estim\u00e9e\" \/>\n\t<meta name=\"twitter:data2\" content=\"3 minutes\" \/>\n<script type=\"application\/ld+json\" class=\"yoast-schema-graph\">{\"@context\":\"https:\/\/schema.org\",\"@graph\":[{\"@type\":\"Article\",\"@id\":\"https:\/\/standimpro.ch\/particuliers\/spectacles-eleves-8\/#article\",\"isPartOf\":{\"@id\":\"https:\/\/standimpro.ch\/particuliers\/spectacles-eleves-8\/\"},\"author\":{\"name\":\"Andreas Ventouras\",\"@id\":\"https:\/\/standimpro.ch\/particuliers\/#\/schema\/person\/d33c2f5702352f109742b22e2a00d111\"},\"headline\":\"Spectacles \u00e9l\u00e8ves Carouge\",\"datePublished\":\"2024-05-24T09:46:16+00:00\",\"dateModified\":\"2025-05-15T07:52:37+00:00\",\"mainEntityOfPage\":{\"@id\":\"https:\/\/standimpro.ch\/particuliers\/spectacles-eleves-8\/\"},\"wordCount\":485,\"commentCount\":0,\"articleSection\":[\"La Prise de Parole en Public\"],\"inLanguage\":\"fr-FR\",\"potentialAction\":[{\"@type\":\"CommentAction\",\"name\":\"Comment\",\"target\":[\"https:\/\/standimpro.ch\/particuliers\/spectacles-eleves-8\/#respond\"]}]},{\"@type\":\"WebPage\",\"@id\":\"https:\/\/standimpro.ch\/particuliers\/spectacles-eleves-8\/\",\"url\":\"https:\/\/standimpro.ch\/particuliers\/spectacles-eleves-8\/\",\"name\":\"Spectacles \u00e9l\u00e8ves Carouge -\",\"isPartOf\":{\"@id\":\"https:\/\/standimpro.ch\/particuliers\/#website\"},\"datePublished\":\"2024-05-24T09:46:16+00:00\",\"dateModified\":\"2025-05-15T07:52:37+00:00\",\"author\":{\"@id\":\"https:\/\/standimpro.ch\/particuliers\/#\/schema\/person\/d33c2f5702352f109742b22e2a00d111\"},\"breadcrumb\":{\"@id\":\"https:\/\/standimpro.ch\/particuliers\/spectacles-eleves-8\/#breadcrumb\"},\"inLanguage\":\"fr-FR\",\"potentialAction\":[{\"@type\":\"ReadAction\",\"target\":[\"https:\/\/standimpro.ch\/particuliers\/spectacles-eleves-8\/\"]}]},{\"@type\":\"BreadcrumbList\",\"@id\":\"https:\/\/standimpro.ch\/particuliers\/spectacles-eleves-8\/#breadcrumb\",\"itemListElement\":[{\"@type\":\"ListItem\",\"position\":1,\"name\":\"Accueil\",\"item\":\"https:\/\/standimpro.ch\/particuliers\/impro\/\"},{\"@type\":\"ListItem\",\"position\":2,\"name\":\"Spectacles \u00e9l\u00e8ves Carouge\"}]},{\"@type\":\"WebSite\",\"@id\":\"https:\/\/standimpro.ch\/particuliers\/#website\",\"url\":\"https:\/\/standimpro.ch\/particuliers\/\",\"name\":\"\",\"description\":\"\",\"potentialAction\":[{\"@type\":\"SearchAction\",\"target\":{\"@type\":\"EntryPoint\",\"urlTemplate\":\"https:\/\/standimpro.ch\/particuliers\/?s={search_term_string}\"},\"query-input\":{\"@type\":\"PropertyValueSpecification\",\"valueRequired\":true,\"valueName\":\"search_term_string\"}}],\"inLanguage\":\"fr-FR\"},{\"@type\":\"Person\",\"@id\":\"https:\/\/standimpro.ch\/particuliers\/#\/schema\/person\/d33c2f5702352f109742b22e2a00d111\",\"name\":\"Andreas Ventouras\",\"image\":{\"@type\":\"ImageObject\",\"inLanguage\":\"fr-FR\",\"@id\":\"https:\/\/standimpro.ch\/particuliers\/#\/schema\/person\/image\/\",\"url\":\"https:\/\/secure.gravatar.com\/avatar\/bb9229b1d690d5c732ec8df34f0ee54fda2edbb9956772a950962d1446caf04f?s=96&d=mm&r=g\",\"contentUrl\":\"https:\/\/secure.gravatar.com\/avatar\/bb9229b1d690d5c732ec8df34f0ee54fda2edbb9956772a950962d1446caf04f?s=96&d=mm&r=g\",\"caption\":\"Andreas Ventouras\"},\"description\":\"Andreas Ventouras, Fondateur et Pr\u00e9sident de Stand'Impro. Il est Formateur \u00e0 la prise de parole en public pour de nombreuses collectivit\u00e9s publiques (Etat de Gen\u00e8ve, Ville de Gen\u00e8ve et autres) ainsi que des entreprises. . Il donne des cours d'improvisation \u00e0 Gen\u00e8ve et se produit r\u00e9guli\u00e8rement sur sc\u00e8ne.\",\"url\":\"https:\/\/standimpro.ch\/particuliers\/author\/andreas\/\"}]}<\/script>\n<!-- \/ Yoast SEO plugin. -->","yoast_head_json":{"title":"Spectacles \u00e9l\u00e8ves Carouge -","robots":{"index":"index","follow":"follow","max-snippet":"max-snippet:-1","max-image-preview":"max-image-preview:large","max-video-preview":"max-video-preview:-1"},"canonical":"https:\/\/standimpro.ch\/particuliers\/spectacles-eleves-8\/","og_locale":"fr_FR","og_type":"article","og_title":"Spectacles \u00e9l\u00e8ves Carouge -","og_url":"https:\/\/standimpro.ch\/particuliers\/spectacles-eleves-8\/","article_publisher":"https:\/\/www.facebook.com\/standimpro\/?ref=aymt_homepage_panel","article_published_time":"2024-05-24T09:46:16+00:00","article_modified_time":"2025-05-15T07:52:37+00:00","author":"Andreas Ventouras","twitter_misc":{"\u00c9crit par":"Andreas Ventouras","Dur\u00e9e de lecture estim\u00e9e":"3 minutes"},"schema":{"@context":"https:\/\/schema.org","@graph":[{"@type":"Article","@id":"https:\/\/standimpro.ch\/particuliers\/spectacles-eleves-8\/#article","isPartOf":{"@id":"https:\/\/standimpro.ch\/particuliers\/spectacles-eleves-8\/"},"author":{"name":"Andreas Ventouras","@id":"https:\/\/standimpro.ch\/particuliers\/#\/schema\/person\/d33c2f5702352f109742b22e2a00d111"},"headline":"Spectacles \u00e9l\u00e8ves Carouge","datePublished":"2024-05-24T09:46:16+00:00","dateModified":"2025-05-15T07:52:37+00:00","mainEntityOfPage":{"@id":"https:\/\/standimpro.ch\/particuliers\/spectacles-eleves-8\/"},"wordCount":485,"commentCount":0,"articleSection":["La Prise de Parole en Public"],"inLanguage":"fr-FR","potentialAction":[{"@type":"CommentAction","name":"Comment","target":["https:\/\/standimpro.ch\/particuliers\/spectacles-eleves-8\/#respond"]}]},{"@type":"WebPage","@id":"https:\/\/standimpro.ch\/particuliers\/spectacles-eleves-8\/","url":"https:\/\/standimpro.ch\/particuliers\/spectacles-eleves-8\/","name":"Spectacles \u00e9l\u00e8ves Carouge -","isPartOf":{"@id":"https:\/\/standimpro.ch\/particuliers\/#website"},"datePublished":"2024-05-24T09:46:16+00:00","dateModified":"2025-05-15T07:52:37+00:00","author":{"@id":"https:\/\/standimpro.ch\/particuliers\/#\/schema\/person\/d33c2f5702352f109742b22e2a00d111"},"breadcrumb":{"@id":"https:\/\/standimpro.ch\/particuliers\/spectacles-eleves-8\/#breadcrumb"},"inLanguage":"fr-FR","potentialAction":[{"@type":"ReadAction","target":["https:\/\/standimpro.ch\/particuliers\/spectacles-eleves-8\/"]}]},{"@type":"BreadcrumbList","@id":"https:\/\/standimpro.ch\/particuliers\/spectacles-eleves-8\/#breadcrumb","itemListElement":[{"@type":"ListItem","position":1,"name":"Accueil","item":"https:\/\/standimpro.ch\/particuliers\/impro\/"},{"@type":"ListItem","position":2,"name":"Spectacles \u00e9l\u00e8ves Carouge"}]},{"@type":"WebSite","@id":"https:\/\/standimpro.ch\/particuliers\/#website","url":"https:\/\/standimpro.ch\/particuliers\/","name":"","description":"","potentialAction":[{"@type":"SearchAction","target":{"@type":"EntryPoint","urlTemplate":"https:\/\/standimpro.ch\/particuliers\/?s={search_term_string}"},"query-input":{"@type":"PropertyValueSpecification","valueRequired":true,"valueName":"search_term_string"}}],"inLanguage":"fr-FR"},{"@type":"Person","@id":"https:\/\/standimpro.ch\/particuliers\/#\/schema\/person\/d33c2f5702352f109742b22e2a00d111","name":"Andreas Ventouras","image":{"@type":"ImageObject","inLanguage":"fr-FR","@id":"https:\/\/standimpro.ch\/particuliers\/#\/schema\/person\/image\/","url":"https:\/\/secure.gravatar.com\/avatar\/bb9229b1d690d5c732ec8df34f0ee54fda2edbb9956772a950962d1446caf04f?s=96&d=mm&r=g","contentUrl":"https:\/\/secure.gravatar.com\/avatar\/bb9229b1d690d5c732ec8df34f0ee54fda2edbb9956772a950962d1446caf04f?s=96&d=mm&r=g","caption":"Andreas Ventouras"},"description":"Andreas Ventouras, Fondateur et Pr\u00e9sident de Stand'Impro. Il est Formateur \u00e0 la prise de parole en public pour de nombreuses collectivit\u00e9s publiques (Etat de Gen\u00e8ve, Ville de Gen\u00e8ve et autres) ainsi que des entreprises. . Il donne des cours d'improvisation \u00e0 Gen\u00e8ve et se produit r\u00e9guli\u00e8rement sur sc\u00e8ne.","url":"https:\/\/standimpro.ch\/particuliers\/author\/andreas\/"}]}},"_links":{"self":[{"href":"https:\/\/standimpro.ch\/particuliers\/wp-json\/wp\/v2\/posts\/7942","targetHints":{"allow":["GET"]}}],"collection":[{"href":"https:\/\/standimpro.ch\/particuliers\/wp-json\/wp\/v2\/posts"}],"about":[{"href":"https:\/\/standimpro.ch\/particuliers\/wp-json\/wp\/v2\/types\/post"}],"author":[{"embeddable":true,"href":"https:\/\/standimpro.ch\/particuliers\/wp-json\/wp\/v2\/users\/1"}],"replies":[{"embeddable":true,"href":"https:\/\/standimpro.ch\/particuliers\/wp-json\/wp\/v2\/comments?post=7942"}],"version-history":[{"count":16,"href":"https:\/\/standimpro.ch\/particuliers\/wp-json\/wp\/v2\/posts\/7942\/revisions"}],"predecessor-version":[{"id":7947,"href":"https:\/\/standimpro.ch\/particuliers\/wp-json\/wp\/v2\/posts\/7942\/revisions\/7947"}],"wp:attachment":[{"href":"https:\/\/standimpro.ch\/particuliers\/wp-json\/wp\/v2\/media?parent=7942"}],"wp:term":[{"taxonomy":"category","embeddable":true,"href":"https:\/\/standimpro.ch\/particuliers\/wp-json\/wp\/v2\/categories?post=7942"},{"taxonomy":"post_tag","embeddable":true,"href":"https:\/\/standimpro.ch\/particuliers\/wp-json\/wp\/v2\/tags?post=7942"}],"curies":[{"name":"wp","href":"https:\/\/api.w.org\/{rel}","templated":true}]}}