{"id":7998,"date":"2024-05-24T11:56:50","date_gmt":"2024-05-24T10:56:50","guid":{"rendered":"https:\/\/standimpro.ch\/particuliers\/?p=7998"},"modified":"2025-05-13T09:49:46","modified_gmt":"2025-05-13T08:49:46","slug":"spectacle-eleves-2","status":"publish","type":"post","link":"https:\/\/standimpro.ch\/particuliers\/spectacle-eleves-2\/","title":{"rendered":"Spectacle \u00e9l\u00e8ves"},"content":{"rendered":"\n<style type=\"text\/css\" data-created_by=\"avia_inline_auto\" id=\"style-css-av-av_heading-7d0961ddddecca2833f961766dcdecfa\">\n#top .av-special-heading.av-av_heading-7d0961ddddecca2833f961766dcdecfa{\npadding-bottom:10px;\n}\nbody .av-special-heading.av-av_heading-7d0961ddddecca2833f961766dcdecfa .av-special-heading-tag .heading-char{\nfont-size:25px;\n}\n.av-special-heading.av-av_heading-7d0961ddddecca2833f961766dcdecfa .av-subheading{\nfont-size:15px;\n}\n<\/style>\n<div  class='av-special-heading av-av_heading-7d0961ddddecca2833f961766dcdecfa av-special-heading-h3  avia-builder-el-0  el_before_av_one_half  avia-builder-el-first '><h3 class='av-special-heading-tag '  itemprop=\"headline\"  >Les \u00e9l\u00e8ves font le show!!!<\/h3><div class=\"special-heading-border\"><div class=\"special-heading-inner-border\"><\/div><\/div><\/div>\n\n<style type=\"text\/css\" data-created_by=\"avia_inline_auto\" id=\"style-css-av-4mabpq-ba6767c7f799870e2bad75d9999764fe\">\n.flex_column.av-4mabpq-ba6767c7f799870e2bad75d9999764fe{\nborder-radius:0px 0px 0px 0px;\npadding:0px 0px 0px 0px;\n}\n<\/style>\n<div  class='flex_column av-4mabpq-ba6767c7f799870e2bad75d9999764fe av_one_half  avia-builder-el-1  el_after_av_heading  el_before_av_one_half  first flex_column_div av-zero-column-padding  '     ><style type=\"text\/css\" data-created_by=\"avia_inline_auto\" id=\"style-css-av-lwkk9gvn-20544a06f7f6552e13234d7819ab3a0a\">\n.avia-image-container.av-lwkk9gvn-20544a06f7f6552e13234d7819ab3a0a img.avia_image{\nbox-shadow:none;\n}\n.avia-image-container.av-lwkk9gvn-20544a06f7f6552e13234d7819ab3a0a .av-image-caption-overlay-center{\ncolor:#ffffff;\n}\n<\/style>\n<div  class='avia-image-container av-lwkk9gvn-20544a06f7f6552e13234d7819ab3a0a av-styling- avia-align-center  avia-builder-el-2  avia-builder-el-no-sibling '   itemprop=\"image\" itemscope=\"itemscope\" itemtype=\"https:\/\/schema.org\/ImageObject\" ><div class=\"avia-image-container-inner\"><div class=\"avia-image-overlay-wrap\"><img fetchpriority=\"high\" fetchpriority=\"high\" class='wp-image-9661 avia-img-lazy-loading-not-9661 avia_image ' src='https:\/\/standimpro.ch\/particuliers\/wp-content\/uploads\/2024\/05\/27-juin-secheron-19h15-Polo.png' alt='' title='27 juin secheron 19h15 Polo'  height=\"502\" width=\"1004\"  itemprop=\"thumbnailUrl\"  \/><\/div><\/div><\/div><\/div>\n<style type=\"text\/css\" data-created_by=\"avia_inline_auto\" id=\"style-css-av-2pmeim-a31be4be80be2aa1752f571db7d3e7a7\">\n.flex_column.av-2pmeim-a31be4be80be2aa1752f571db7d3e7a7{\nborder-radius:0px 0px 0px 0px;\npadding:0px 0px 0px 0px;\n}\n<\/style>\n<div  class='flex_column av-2pmeim-a31be4be80be2aa1752f571db7d3e7a7 av_one_half  avia-builder-el-3  el_after_av_one_half  avia-builder-el-last  flex_column_div av-zero-column-padding  '     ><section  class='av_textblock_section av-lwkkh95o-f8b0bb8644963717a87dac1587a880bf '   itemscope=\"itemscope\" itemtype=\"https:\/\/schema.org\/BlogPosting\" itemprop=\"blogPost\" ><div class='avia_textblock'  itemprop=\"text\" ><p>Nous nous r\u00e9jouissons de vous pr\u00e9senter le spectacle de fin d&rsquo;ann\u00e9e des \u00e9l\u00e8ves de<br \/>\nStand Impro.<\/p>\n<p>Un groupe de com\u00e9diens d\u00e9jant\u00e9s qui joueront par moment un pompier pyromane, une business woman en d\u00e9tresse, un flic pervers narcissique ou encore un astronaute en reconnaissance sur le Lac L\u00e9man!<br \/>\nCes r\u00f4les d\u00e9cal\u00e9s, c\u2019est VOUS qui allez pouvoir les leur imposer.<\/p>\n<p>Pour cette soir\u00e9e, venez d\u00e9couvrir dans une ambiance folle les tournants surprenants et inattendus de ces repr\u00e9sentations unique.<br \/>\nIls se r\u00e9jouissent de vous retrouver et de vous montrer tout le travail qu\u2019ils ont accompli depuis leur d\u00e9but.<br \/>\nVotre pr\u00e9sence et \u00e9nergie sont indispensables pour ce grand soir!!!<\/p>\n<p>L\u2019entr\u00e9e est libre, venez les encourager et passez un vrai moment de d\u00e9tente!!!<br \/>\n<strong><br \/>\nPour cette soir\u00e9e \u00e0 19h15, les com\u00e9diens sont <\/strong>:<\/strong><br \/>\n&#8211; C\u00e9lia<br \/>\n&#8211; David<br \/>\n&#8211; Sylvain<br \/>\n&#8211; Philippe<br \/>\n&#8211; Chlo\u00e9<br \/>\n&#8211; D\u00e9sir\u00e9e<br \/>\n&#8211; Juliette<br \/>\n&#8211; Paulo<\/p>\n<p>Date: <strong>Vendredi 27 Juin <\/strong><br \/>\nHeure: <strong>19h15<\/strong><br \/>\nLieu:  <strong>Espace quartier de Secheron<br \/>\nPrix: <strong>entr\u00e9e libre<\/strong><\/p>\n<p><a href=\"https:\/\/standimpro.ch\/particuliers\/les-cours-impro-geneve\/\">Cliquez ici pour plus d&rsquo;infos sur nos cours<\/a><\/p>\n<\/div><\/section><\/div><\/p>\n<!-- AddThis Advanced Settings generic via filter on the_content --><!-- AddThis Share Buttons generic via filter on the_content -->","protected":false},"excerpt":{"rendered":"<p><!-- AddThis Advanced Settings generic via filter on get_the_excerpt --><!-- AddThis Share Buttons generic via filter on get_the_excerpt --><\/p>\n","protected":false},"author":1,"featured_media":0,"comment_status":"open","ping_status":"open","sticky":false,"template":"","format":"standard","meta":{"footnotes":""},"categories":[1],"tags":[],"class_list":["post-7998","post","type-post","status-publish","format-standard","hentry","category-la-prise-de-parole-en-public-2"],"yoast_head":"<!-- This site is optimized with the Yoast SEO plugin v27.1.1 - https:\/\/yoast.com\/product\/yoast-seo-wordpress\/ -->\n<title>Spectacle \u00e9l\u00e8ves -<\/title>\n<meta name=\"robots\" content=\"index, follow, max-snippet:-1, max-image-preview:large, max-video-preview:-1\" \/>\n<link rel=\"canonical\" href=\"https:\/\/standimpro.ch\/particuliers\/spectacle-eleves-2\/\" \/>\n<meta property=\"og:locale\" content=\"fr_FR\" \/>\n<meta property=\"og:type\" content=\"article\" \/>\n<meta property=\"og:title\" content=\"Spectacle \u00e9l\u00e8ves -\" \/>\n<meta property=\"og:url\" content=\"https:\/\/standimpro.ch\/particuliers\/spectacle-eleves-2\/\" \/>\n<meta property=\"article:publisher\" content=\"https:\/\/www.facebook.com\/standimpro\/?ref=aymt_homepage_panel\" \/>\n<meta property=\"article:published_time\" content=\"2024-05-24T10:56:50+00:00\" \/>\n<meta property=\"article:modified_time\" content=\"2025-05-13T08:49:46+00:00\" \/>\n<meta name=\"author\" content=\"Andreas Ventouras\" \/>\n<meta name=\"twitter:label1\" content=\"\u00c9crit par\" \/>\n\t<meta name=\"twitter:data1\" content=\"Andreas Ventouras\" \/>\n\t<meta name=\"twitter:label2\" content=\"Dur\u00e9e de lecture estim\u00e9e\" \/>\n\t<meta name=\"twitter:data2\" content=\"3 minutes\" \/>\n<script type=\"application\/ld+json\" class=\"yoast-schema-graph\">{\"@context\":\"https:\/\/schema.org\",\"@graph\":[{\"@type\":\"Article\",\"@id\":\"https:\/\/standimpro.ch\/particuliers\/spectacle-eleves-2\/#article\",\"isPartOf\":{\"@id\":\"https:\/\/standimpro.ch\/particuliers\/spectacle-eleves-2\/\"},\"author\":{\"name\":\"Andreas Ventouras\",\"@id\":\"https:\/\/standimpro.ch\/particuliers\/#\/schema\/person\/d33c2f5702352f109742b22e2a00d111\"},\"headline\":\"Spectacle \u00e9l\u00e8ves\",\"datePublished\":\"2024-05-24T10:56:50+00:00\",\"dateModified\":\"2025-05-13T08:49:46+00:00\",\"mainEntityOfPage\":{\"@id\":\"https:\/\/standimpro.ch\/particuliers\/spectacle-eleves-2\/\"},\"wordCount\":488,\"commentCount\":0,\"articleSection\":[\"La Prise de Parole en Public\"],\"inLanguage\":\"fr-FR\",\"potentialAction\":[{\"@type\":\"CommentAction\",\"name\":\"Comment\",\"target\":[\"https:\/\/standimpro.ch\/particuliers\/spectacle-eleves-2\/#respond\"]}]},{\"@type\":\"WebPage\",\"@id\":\"https:\/\/standimpro.ch\/particuliers\/spectacle-eleves-2\/\",\"url\":\"https:\/\/standimpro.ch\/particuliers\/spectacle-eleves-2\/\",\"name\":\"Spectacle \u00e9l\u00e8ves -\",\"isPartOf\":{\"@id\":\"https:\/\/standimpro.ch\/particuliers\/#website\"},\"datePublished\":\"2024-05-24T10:56:50+00:00\",\"dateModified\":\"2025-05-13T08:49:46+00:00\",\"author\":{\"@id\":\"https:\/\/standimpro.ch\/particuliers\/#\/schema\/person\/d33c2f5702352f109742b22e2a00d111\"},\"breadcrumb\":{\"@id\":\"https:\/\/standimpro.ch\/particuliers\/spectacle-eleves-2\/#breadcrumb\"},\"inLanguage\":\"fr-FR\",\"potentialAction\":[{\"@type\":\"ReadAction\",\"target\":[\"https:\/\/standimpro.ch\/particuliers\/spectacle-eleves-2\/\"]}]},{\"@type\":\"BreadcrumbList\",\"@id\":\"https:\/\/standimpro.ch\/particuliers\/spectacle-eleves-2\/#breadcrumb\",\"itemListElement\":[{\"@type\":\"ListItem\",\"position\":1,\"name\":\"Accueil\",\"item\":\"https:\/\/standimpro.ch\/particuliers\/impro\/\"},{\"@type\":\"ListItem\",\"position\":2,\"name\":\"Spectacle \u00e9l\u00e8ves\"}]},{\"@type\":\"WebSite\",\"@id\":\"https:\/\/standimpro.ch\/particuliers\/#website\",\"url\":\"https:\/\/standimpro.ch\/particuliers\/\",\"name\":\"\",\"description\":\"\",\"potentialAction\":[{\"@type\":\"SearchAction\",\"target\":{\"@type\":\"EntryPoint\",\"urlTemplate\":\"https:\/\/standimpro.ch\/particuliers\/?s={search_term_string}\"},\"query-input\":{\"@type\":\"PropertyValueSpecification\",\"valueRequired\":true,\"valueName\":\"search_term_string\"}}],\"inLanguage\":\"fr-FR\"},{\"@type\":\"Person\",\"@id\":\"https:\/\/standimpro.ch\/particuliers\/#\/schema\/person\/d33c2f5702352f109742b22e2a00d111\",\"name\":\"Andreas Ventouras\",\"image\":{\"@type\":\"ImageObject\",\"inLanguage\":\"fr-FR\",\"@id\":\"https:\/\/standimpro.ch\/particuliers\/#\/schema\/person\/image\/\",\"url\":\"https:\/\/secure.gravatar.com\/avatar\/bb9229b1d690d5c732ec8df34f0ee54fda2edbb9956772a950962d1446caf04f?s=96&d=mm&r=g\",\"contentUrl\":\"https:\/\/secure.gravatar.com\/avatar\/bb9229b1d690d5c732ec8df34f0ee54fda2edbb9956772a950962d1446caf04f?s=96&d=mm&r=g\",\"caption\":\"Andreas Ventouras\"},\"description\":\"Andreas Ventouras, Fondateur et Pr\u00e9sident de Stand'Impro. Il est Formateur \u00e0 la prise de parole en public pour de nombreuses collectivit\u00e9s publiques (Etat de Gen\u00e8ve, Ville de Gen\u00e8ve et autres) ainsi que des entreprises. . Il donne des cours d'improvisation \u00e0 Gen\u00e8ve et se produit r\u00e9guli\u00e8rement sur sc\u00e8ne.\",\"url\":\"https:\/\/standimpro.ch\/particuliers\/author\/andreas\/\"}]}<\/script>\n<!-- \/ Yoast SEO plugin. -->","yoast_head_json":{"title":"Spectacle \u00e9l\u00e8ves -","robots":{"index":"index","follow":"follow","max-snippet":"max-snippet:-1","max-image-preview":"max-image-preview:large","max-video-preview":"max-video-preview:-1"},"canonical":"https:\/\/standimpro.ch\/particuliers\/spectacle-eleves-2\/","og_locale":"fr_FR","og_type":"article","og_title":"Spectacle \u00e9l\u00e8ves -","og_url":"https:\/\/standimpro.ch\/particuliers\/spectacle-eleves-2\/","article_publisher":"https:\/\/www.facebook.com\/standimpro\/?ref=aymt_homepage_panel","article_published_time":"2024-05-24T10:56:50+00:00","article_modified_time":"2025-05-13T08:49:46+00:00","author":"Andreas Ventouras","twitter_misc":{"\u00c9crit par":"Andreas Ventouras","Dur\u00e9e de lecture estim\u00e9e":"3 minutes"},"schema":{"@context":"https:\/\/schema.org","@graph":[{"@type":"Article","@id":"https:\/\/standimpro.ch\/particuliers\/spectacle-eleves-2\/#article","isPartOf":{"@id":"https:\/\/standimpro.ch\/particuliers\/spectacle-eleves-2\/"},"author":{"name":"Andreas Ventouras","@id":"https:\/\/standimpro.ch\/particuliers\/#\/schema\/person\/d33c2f5702352f109742b22e2a00d111"},"headline":"Spectacle \u00e9l\u00e8ves","datePublished":"2024-05-24T10:56:50+00:00","dateModified":"2025-05-13T08:49:46+00:00","mainEntityOfPage":{"@id":"https:\/\/standimpro.ch\/particuliers\/spectacle-eleves-2\/"},"wordCount":488,"commentCount":0,"articleSection":["La Prise de Parole en Public"],"inLanguage":"fr-FR","potentialAction":[{"@type":"CommentAction","name":"Comment","target":["https:\/\/standimpro.ch\/particuliers\/spectacle-eleves-2\/#respond"]}]},{"@type":"WebPage","@id":"https:\/\/standimpro.ch\/particuliers\/spectacle-eleves-2\/","url":"https:\/\/standimpro.ch\/particuliers\/spectacle-eleves-2\/","name":"Spectacle \u00e9l\u00e8ves -","isPartOf":{"@id":"https:\/\/standimpro.ch\/particuliers\/#website"},"datePublished":"2024-05-24T10:56:50+00:00","dateModified":"2025-05-13T08:49:46+00:00","author":{"@id":"https:\/\/standimpro.ch\/particuliers\/#\/schema\/person\/d33c2f5702352f109742b22e2a00d111"},"breadcrumb":{"@id":"https:\/\/standimpro.ch\/particuliers\/spectacle-eleves-2\/#breadcrumb"},"inLanguage":"fr-FR","potentialAction":[{"@type":"ReadAction","target":["https:\/\/standimpro.ch\/particuliers\/spectacle-eleves-2\/"]}]},{"@type":"BreadcrumbList","@id":"https:\/\/standimpro.ch\/particuliers\/spectacle-eleves-2\/#breadcrumb","itemListElement":[{"@type":"ListItem","position":1,"name":"Accueil","item":"https:\/\/standimpro.ch\/particuliers\/impro\/"},{"@type":"ListItem","position":2,"name":"Spectacle \u00e9l\u00e8ves"}]},{"@type":"WebSite","@id":"https:\/\/standimpro.ch\/particuliers\/#website","url":"https:\/\/standimpro.ch\/particuliers\/","name":"","description":"","potentialAction":[{"@type":"SearchAction","target":{"@type":"EntryPoint","urlTemplate":"https:\/\/standimpro.ch\/particuliers\/?s={search_term_string}"},"query-input":{"@type":"PropertyValueSpecification","valueRequired":true,"valueName":"search_term_string"}}],"inLanguage":"fr-FR"},{"@type":"Person","@id":"https:\/\/standimpro.ch\/particuliers\/#\/schema\/person\/d33c2f5702352f109742b22e2a00d111","name":"Andreas Ventouras","image":{"@type":"ImageObject","inLanguage":"fr-FR","@id":"https:\/\/standimpro.ch\/particuliers\/#\/schema\/person\/image\/","url":"https:\/\/secure.gravatar.com\/avatar\/bb9229b1d690d5c732ec8df34f0ee54fda2edbb9956772a950962d1446caf04f?s=96&d=mm&r=g","contentUrl":"https:\/\/secure.gravatar.com\/avatar\/bb9229b1d690d5c732ec8df34f0ee54fda2edbb9956772a950962d1446caf04f?s=96&d=mm&r=g","caption":"Andreas Ventouras"},"description":"Andreas Ventouras, Fondateur et Pr\u00e9sident de Stand'Impro. Il est Formateur \u00e0 la prise de parole en public pour de nombreuses collectivit\u00e9s publiques (Etat de Gen\u00e8ve, Ville de Gen\u00e8ve et autres) ainsi que des entreprises. . Il donne des cours d'improvisation \u00e0 Gen\u00e8ve et se produit r\u00e9guli\u00e8rement sur sc\u00e8ne.","url":"https:\/\/standimpro.ch\/particuliers\/author\/andreas\/"}]}},"_links":{"self":[{"href":"https:\/\/standimpro.ch\/particuliers\/wp-json\/wp\/v2\/posts\/7998","targetHints":{"allow":["GET"]}}],"collection":[{"href":"https:\/\/standimpro.ch\/particuliers\/wp-json\/wp\/v2\/posts"}],"about":[{"href":"https:\/\/standimpro.ch\/particuliers\/wp-json\/wp\/v2\/types\/post"}],"author":[{"embeddable":true,"href":"https:\/\/standimpro.ch\/particuliers\/wp-json\/wp\/v2\/users\/1"}],"replies":[{"embeddable":true,"href":"https:\/\/standimpro.ch\/particuliers\/wp-json\/wp\/v2\/comments?post=7998"}],"version-history":[{"count":11,"href":"https:\/\/standimpro.ch\/particuliers\/wp-json\/wp\/v2\/posts\/7998\/revisions"}],"predecessor-version":[{"id":8000,"href":"https:\/\/standimpro.ch\/particuliers\/wp-json\/wp\/v2\/posts\/7998\/revisions\/8000"}],"wp:attachment":[{"href":"https:\/\/standimpro.ch\/particuliers\/wp-json\/wp\/v2\/media?parent=7998"}],"wp:term":[{"taxonomy":"category","embeddable":true,"href":"https:\/\/standimpro.ch\/particuliers\/wp-json\/wp\/v2\/categories?post=7998"},{"taxonomy":"post_tag","embeddable":true,"href":"https:\/\/standimpro.ch\/particuliers\/wp-json\/wp\/v2\/tags?post=7998"}],"curies":[{"name":"wp","href":"https:\/\/api.w.org\/{rel}","templated":true}]}}