{"id":8383,"date":"2024-06-04T15:08:26","date_gmt":"2024-06-04T14:08:26","guid":{"rendered":"https:\/\/standimpro.ch\/particuliers\/?p=8383"},"modified":"2024-06-04T15:09:06","modified_gmt":"2024-06-04T14:09:06","slug":"des-stars-de-limpro-vont-faire-rire-le-moulin-rouge","status":"publish","type":"post","link":"https:\/\/standimpro.ch\/particuliers\/des-stars-de-limpro-vont-faire-rire-le-moulin-rouge\/","title":{"rendered":"Des stars de l&rsquo;impro vont faire rire le Moulin-Rouge"},"content":{"rendered":"\t\t<div data-elementor-type=\"wp-post\" data-elementor-id=\"8383\" class=\"elementor elementor-8383\" data-elementor-post-type=\"post\">\n\t\t\t\t\t\t<section class=\"elementor-section elementor-top-section elementor-element elementor-element-2bc6364 elementor-section-boxed elementor-section-height-default elementor-section-height-default\" data-id=\"2bc6364\" data-element_type=\"section\" data-e-type=\"section\">\n\t\t\t\t\t\t<div class=\"elementor-container elementor-column-gap-default\">\n\t\t\t\t\t<div class=\"elementor-column elementor-col-100 elementor-top-column elementor-element elementor-element-d81e6c5\" data-id=\"d81e6c5\" data-element_type=\"column\" data-e-type=\"column\">\n\t\t\t<div class=\"elementor-widget-wrap elementor-element-populated\">\n\t\t\t\t\t\t<div class=\"elementor-element elementor-element-c405b47 elementor-widget elementor-widget-image\" data-id=\"c405b47\" data-element_type=\"widget\" data-e-type=\"widget\" data-widget_type=\"image.default\">\n\t\t\t\t<div class=\"elementor-widget-container\">\n\t\t\t\t\t\t\t\t\t\t\t\t\t\t\t<img fetchpriority=\"high\" decoding=\"async\" width=\"580\" height=\"829\" src=\"https:\/\/standimpro.ch\/particuliers\/wp-content\/uploads\/2019\/03\/Tribue-de-Gen\u00e8ve-Impro-Talent-29.10.2015-extrait.jpg\" class=\"attachment-large size-large wp-image-4002\" alt=\"\" srcset=\"https:\/\/standimpro.ch\/particuliers\/wp-content\/uploads\/2019\/03\/Tribue-de-Gen\u00e8ve-Impro-Talent-29.10.2015-extrait.jpg 580w, https:\/\/standimpro.ch\/particuliers\/wp-content\/uploads\/2019\/03\/Tribue-de-Gen\u00e8ve-Impro-Talent-29.10.2015-extrait-210x300.jpg 210w, https:\/\/standimpro.ch\/particuliers\/wp-content\/uploads\/2019\/03\/Tribue-de-Gen\u00e8ve-Impro-Talent-29.10.2015-extrait-493x705.jpg 493w, https:\/\/standimpro.ch\/particuliers\/wp-content\/uploads\/2019\/03\/Tribue-de-Gen\u00e8ve-Impro-Talent-29.10.2015-extrait-450x643.jpg 450w\" sizes=\"(max-width: 580px) 100vw, 580px\" \/>\t\t\t\t\t\t\t\t\t\t\t\t\t\t\t<\/div>\n\t\t\t\t<\/div>\n\t\t\t\t\t<\/div>\n\t\t<\/div>\n\t\t\t\t\t<\/div>\n\t\t<\/section>\n\t\t\t\t<\/div>\n\t\t<!-- AddThis Advanced Settings generic via filter on the_content --><!-- AddThis Share Buttons generic via filter on the_content -->","protected":false},"excerpt":{"rendered":"<p><!-- AddThis Advanced Settings generic via filter on get_the_excerpt --><!-- AddThis Share Buttons generic via filter on get_the_excerpt --><\/p>\n","protected":false},"author":1,"featured_media":0,"comment_status":"open","ping_status":"open","sticky":false,"template":"","format":"standard","meta":{"footnotes":""},"categories":[1],"tags":[],"class_list":["post-8383","post","type-post","status-publish","format-standard","hentry","category-la-prise-de-parole-en-public-2"],"yoast_head":"<!-- This site is optimized with the Yoast SEO plugin v27.1.1 - https:\/\/yoast.com\/product\/yoast-seo-wordpress\/ -->\n<title>Des stars de l&#039;impro vont faire rire le Moulin-Rouge -<\/title>\n<meta name=\"robots\" content=\"index, follow, max-snippet:-1, max-image-preview:large, max-video-preview:-1\" \/>\n<link rel=\"canonical\" href=\"https:\/\/standimpro.ch\/particuliers\/des-stars-de-limpro-vont-faire-rire-le-moulin-rouge\/\" \/>\n<meta property=\"og:locale\" content=\"fr_FR\" \/>\n<meta property=\"og:type\" content=\"article\" \/>\n<meta property=\"og:title\" content=\"Des stars de l&#039;impro vont faire rire le Moulin-Rouge -\" \/>\n<meta property=\"og:url\" content=\"https:\/\/standimpro.ch\/particuliers\/des-stars-de-limpro-vont-faire-rire-le-moulin-rouge\/\" \/>\n<meta property=\"article:publisher\" content=\"https:\/\/www.facebook.com\/standimpro\/?ref=aymt_homepage_panel\" \/>\n<meta property=\"article:published_time\" content=\"2024-06-04T14:08:26+00:00\" \/>\n<meta property=\"article:modified_time\" content=\"2024-06-04T14:09:06+00:00\" \/>\n<meta name=\"author\" content=\"Andreas Ventouras\" \/>\n<meta name=\"twitter:label1\" content=\"\u00c9crit par\" \/>\n\t<meta name=\"twitter:data1\" content=\"Andreas Ventouras\" \/>\n<script type=\"application\/ld+json\" class=\"yoast-schema-graph\">{\"@context\":\"https:\/\/schema.org\",\"@graph\":[{\"@type\":\"Article\",\"@id\":\"https:\/\/standimpro.ch\/particuliers\/des-stars-de-limpro-vont-faire-rire-le-moulin-rouge\/#article\",\"isPartOf\":{\"@id\":\"https:\/\/standimpro.ch\/particuliers\/des-stars-de-limpro-vont-faire-rire-le-moulin-rouge\/\"},\"author\":{\"name\":\"Andreas Ventouras\",\"@id\":\"https:\/\/standimpro.ch\/particuliers\/#\/schema\/person\/d33c2f5702352f109742b22e2a00d111\"},\"headline\":\"Des stars de l&rsquo;impro vont faire rire le Moulin-Rouge\",\"datePublished\":\"2024-06-04T14:08:26+00:00\",\"dateModified\":\"2024-06-04T14:09:06+00:00\",\"mainEntityOfPage\":{\"@id\":\"https:\/\/standimpro.ch\/particuliers\/des-stars-de-limpro-vont-faire-rire-le-moulin-rouge\/\"},\"wordCount\":10,\"commentCount\":0,\"articleSection\":[\"La Prise de Parole en Public\"],\"inLanguage\":\"fr-FR\",\"potentialAction\":[{\"@type\":\"CommentAction\",\"name\":\"Comment\",\"target\":[\"https:\/\/standimpro.ch\/particuliers\/des-stars-de-limpro-vont-faire-rire-le-moulin-rouge\/#respond\"]}]},{\"@type\":\"WebPage\",\"@id\":\"https:\/\/standimpro.ch\/particuliers\/des-stars-de-limpro-vont-faire-rire-le-moulin-rouge\/\",\"url\":\"https:\/\/standimpro.ch\/particuliers\/des-stars-de-limpro-vont-faire-rire-le-moulin-rouge\/\",\"name\":\"Des stars de l'impro vont faire rire le Moulin-Rouge -\",\"isPartOf\":{\"@id\":\"https:\/\/standimpro.ch\/particuliers\/#website\"},\"datePublished\":\"2024-06-04T14:08:26+00:00\",\"dateModified\":\"2024-06-04T14:09:06+00:00\",\"author\":{\"@id\":\"https:\/\/standimpro.ch\/particuliers\/#\/schema\/person\/d33c2f5702352f109742b22e2a00d111\"},\"breadcrumb\":{\"@id\":\"https:\/\/standimpro.ch\/particuliers\/des-stars-de-limpro-vont-faire-rire-le-moulin-rouge\/#breadcrumb\"},\"inLanguage\":\"fr-FR\",\"potentialAction\":[{\"@type\":\"ReadAction\",\"target\":[\"https:\/\/standimpro.ch\/particuliers\/des-stars-de-limpro-vont-faire-rire-le-moulin-rouge\/\"]}]},{\"@type\":\"BreadcrumbList\",\"@id\":\"https:\/\/standimpro.ch\/particuliers\/des-stars-de-limpro-vont-faire-rire-le-moulin-rouge\/#breadcrumb\",\"itemListElement\":[{\"@type\":\"ListItem\",\"position\":1,\"name\":\"Accueil\",\"item\":\"https:\/\/standimpro.ch\/particuliers\/impro\/\"},{\"@type\":\"ListItem\",\"position\":2,\"name\":\"Des stars de l&rsquo;impro vont faire rire le Moulin-Rouge\"}]},{\"@type\":\"WebSite\",\"@id\":\"https:\/\/standimpro.ch\/particuliers\/#website\",\"url\":\"https:\/\/standimpro.ch\/particuliers\/\",\"name\":\"\",\"description\":\"\",\"potentialAction\":[{\"@type\":\"SearchAction\",\"target\":{\"@type\":\"EntryPoint\",\"urlTemplate\":\"https:\/\/standimpro.ch\/particuliers\/?s={search_term_string}\"},\"query-input\":{\"@type\":\"PropertyValueSpecification\",\"valueRequired\":true,\"valueName\":\"search_term_string\"}}],\"inLanguage\":\"fr-FR\"},{\"@type\":\"Person\",\"@id\":\"https:\/\/standimpro.ch\/particuliers\/#\/schema\/person\/d33c2f5702352f109742b22e2a00d111\",\"name\":\"Andreas Ventouras\",\"image\":{\"@type\":\"ImageObject\",\"inLanguage\":\"fr-FR\",\"@id\":\"https:\/\/standimpro.ch\/particuliers\/#\/schema\/person\/image\/\",\"url\":\"https:\/\/secure.gravatar.com\/avatar\/bb9229b1d690d5c732ec8df34f0ee54fda2edbb9956772a950962d1446caf04f?s=96&d=mm&r=g\",\"contentUrl\":\"https:\/\/secure.gravatar.com\/avatar\/bb9229b1d690d5c732ec8df34f0ee54fda2edbb9956772a950962d1446caf04f?s=96&d=mm&r=g\",\"caption\":\"Andreas Ventouras\"},\"description\":\"Andreas Ventouras, Fondateur et Pr\u00e9sident de Stand'Impro. Il est Formateur \u00e0 la prise de parole en public pour de nombreuses collectivit\u00e9s publiques (Etat de Gen\u00e8ve, Ville de Gen\u00e8ve et autres) ainsi que des entreprises. . Il donne des cours d'improvisation \u00e0 Gen\u00e8ve et se produit r\u00e9guli\u00e8rement sur sc\u00e8ne.\",\"url\":\"https:\/\/standimpro.ch\/particuliers\/author\/andreas\/\"}]}<\/script>\n<!-- \/ Yoast SEO plugin. -->","yoast_head_json":{"title":"Des stars de l'impro vont faire rire le Moulin-Rouge -","robots":{"index":"index","follow":"follow","max-snippet":"max-snippet:-1","max-image-preview":"max-image-preview:large","max-video-preview":"max-video-preview:-1"},"canonical":"https:\/\/standimpro.ch\/particuliers\/des-stars-de-limpro-vont-faire-rire-le-moulin-rouge\/","og_locale":"fr_FR","og_type":"article","og_title":"Des stars de l'impro vont faire rire le Moulin-Rouge -","og_url":"https:\/\/standimpro.ch\/particuliers\/des-stars-de-limpro-vont-faire-rire-le-moulin-rouge\/","article_publisher":"https:\/\/www.facebook.com\/standimpro\/?ref=aymt_homepage_panel","article_published_time":"2024-06-04T14:08:26+00:00","article_modified_time":"2024-06-04T14:09:06+00:00","author":"Andreas Ventouras","twitter_misc":{"\u00c9crit par":"Andreas Ventouras"},"schema":{"@context":"https:\/\/schema.org","@graph":[{"@type":"Article","@id":"https:\/\/standimpro.ch\/particuliers\/des-stars-de-limpro-vont-faire-rire-le-moulin-rouge\/#article","isPartOf":{"@id":"https:\/\/standimpro.ch\/particuliers\/des-stars-de-limpro-vont-faire-rire-le-moulin-rouge\/"},"author":{"name":"Andreas Ventouras","@id":"https:\/\/standimpro.ch\/particuliers\/#\/schema\/person\/d33c2f5702352f109742b22e2a00d111"},"headline":"Des stars de l&rsquo;impro vont faire rire le Moulin-Rouge","datePublished":"2024-06-04T14:08:26+00:00","dateModified":"2024-06-04T14:09:06+00:00","mainEntityOfPage":{"@id":"https:\/\/standimpro.ch\/particuliers\/des-stars-de-limpro-vont-faire-rire-le-moulin-rouge\/"},"wordCount":10,"commentCount":0,"articleSection":["La Prise de Parole en Public"],"inLanguage":"fr-FR","potentialAction":[{"@type":"CommentAction","name":"Comment","target":["https:\/\/standimpro.ch\/particuliers\/des-stars-de-limpro-vont-faire-rire-le-moulin-rouge\/#respond"]}]},{"@type":"WebPage","@id":"https:\/\/standimpro.ch\/particuliers\/des-stars-de-limpro-vont-faire-rire-le-moulin-rouge\/","url":"https:\/\/standimpro.ch\/particuliers\/des-stars-de-limpro-vont-faire-rire-le-moulin-rouge\/","name":"Des stars de l'impro vont faire rire le Moulin-Rouge -","isPartOf":{"@id":"https:\/\/standimpro.ch\/particuliers\/#website"},"datePublished":"2024-06-04T14:08:26+00:00","dateModified":"2024-06-04T14:09:06+00:00","author":{"@id":"https:\/\/standimpro.ch\/particuliers\/#\/schema\/person\/d33c2f5702352f109742b22e2a00d111"},"breadcrumb":{"@id":"https:\/\/standimpro.ch\/particuliers\/des-stars-de-limpro-vont-faire-rire-le-moulin-rouge\/#breadcrumb"},"inLanguage":"fr-FR","potentialAction":[{"@type":"ReadAction","target":["https:\/\/standimpro.ch\/particuliers\/des-stars-de-limpro-vont-faire-rire-le-moulin-rouge\/"]}]},{"@type":"BreadcrumbList","@id":"https:\/\/standimpro.ch\/particuliers\/des-stars-de-limpro-vont-faire-rire-le-moulin-rouge\/#breadcrumb","itemListElement":[{"@type":"ListItem","position":1,"name":"Accueil","item":"https:\/\/standimpro.ch\/particuliers\/impro\/"},{"@type":"ListItem","position":2,"name":"Des stars de l&rsquo;impro vont faire rire le Moulin-Rouge"}]},{"@type":"WebSite","@id":"https:\/\/standimpro.ch\/particuliers\/#website","url":"https:\/\/standimpro.ch\/particuliers\/","name":"","description":"","potentialAction":[{"@type":"SearchAction","target":{"@type":"EntryPoint","urlTemplate":"https:\/\/standimpro.ch\/particuliers\/?s={search_term_string}"},"query-input":{"@type":"PropertyValueSpecification","valueRequired":true,"valueName":"search_term_string"}}],"inLanguage":"fr-FR"},{"@type":"Person","@id":"https:\/\/standimpro.ch\/particuliers\/#\/schema\/person\/d33c2f5702352f109742b22e2a00d111","name":"Andreas Ventouras","image":{"@type":"ImageObject","inLanguage":"fr-FR","@id":"https:\/\/standimpro.ch\/particuliers\/#\/schema\/person\/image\/","url":"https:\/\/secure.gravatar.com\/avatar\/bb9229b1d690d5c732ec8df34f0ee54fda2edbb9956772a950962d1446caf04f?s=96&d=mm&r=g","contentUrl":"https:\/\/secure.gravatar.com\/avatar\/bb9229b1d690d5c732ec8df34f0ee54fda2edbb9956772a950962d1446caf04f?s=96&d=mm&r=g","caption":"Andreas Ventouras"},"description":"Andreas Ventouras, Fondateur et Pr\u00e9sident de Stand'Impro. Il est Formateur \u00e0 la prise de parole en public pour de nombreuses collectivit\u00e9s publiques (Etat de Gen\u00e8ve, Ville de Gen\u00e8ve et autres) ainsi que des entreprises. . Il donne des cours d'improvisation \u00e0 Gen\u00e8ve et se produit r\u00e9guli\u00e8rement sur sc\u00e8ne.","url":"https:\/\/standimpro.ch\/particuliers\/author\/andreas\/"}]}},"_links":{"self":[{"href":"https:\/\/standimpro.ch\/particuliers\/wp-json\/wp\/v2\/posts\/8383","targetHints":{"allow":["GET"]}}],"collection":[{"href":"https:\/\/standimpro.ch\/particuliers\/wp-json\/wp\/v2\/posts"}],"about":[{"href":"https:\/\/standimpro.ch\/particuliers\/wp-json\/wp\/v2\/types\/post"}],"author":[{"embeddable":true,"href":"https:\/\/standimpro.ch\/particuliers\/wp-json\/wp\/v2\/users\/1"}],"replies":[{"embeddable":true,"href":"https:\/\/standimpro.ch\/particuliers\/wp-json\/wp\/v2\/comments?post=8383"}],"version-history":[{"count":4,"href":"https:\/\/standimpro.ch\/particuliers\/wp-json\/wp\/v2\/posts\/8383\/revisions"}],"predecessor-version":[{"id":8387,"href":"https:\/\/standimpro.ch\/particuliers\/wp-json\/wp\/v2\/posts\/8383\/revisions\/8387"}],"wp:attachment":[{"href":"https:\/\/standimpro.ch\/particuliers\/wp-json\/wp\/v2\/media?parent=8383"}],"wp:term":[{"taxonomy":"category","embeddable":true,"href":"https:\/\/standimpro.ch\/particuliers\/wp-json\/wp\/v2\/categories?post=8383"},{"taxonomy":"post_tag","embeddable":true,"href":"https:\/\/standimpro.ch\/particuliers\/wp-json\/wp\/v2\/tags?post=8383"}],"curies":[{"name":"wp","href":"https:\/\/api.w.org\/{rel}","templated":true}]}}