{"id":8925,"date":"2024-09-29T11:18:26","date_gmt":"2024-09-29T10:18:26","guid":{"rendered":"https:\/\/standimpro.ch\/particuliers\/?p=8925"},"modified":"2024-09-29T11:18:26","modified_gmt":"2024-09-29T10:18:26","slug":"la-troupe","status":"publish","type":"post","link":"https:\/\/standimpro.ch\/particuliers\/la-troupe\/","title":{"rendered":"La Troupe"},"content":{"rendered":"\n<style type=\"text\/css\" data-created_by=\"avia_inline_auto\" id=\"style-css-av-m1nfdm7v-5cb2b33e440fa31a42668964a133b3a3\">\n#top .av-special-heading.av-m1nfdm7v-5cb2b33e440fa31a42668964a133b3a3{\npadding-bottom:10px;\n}\nbody .av-special-heading.av-m1nfdm7v-5cb2b33e440fa31a42668964a133b3a3 .av-special-heading-tag .heading-char{\nfont-size:25px;\n}\n.av-special-heading.av-m1nfdm7v-5cb2b33e440fa31a42668964a133b3a3 .av-subheading{\nfont-size:15px;\n}\n<\/style>\n<div  class='av-special-heading av-m1nfdm7v-5cb2b33e440fa31a42668964a133b3a3 av-special-heading-h3  avia-builder-el-0  el_before_av_one_half  avia-builder-el-first '><h3 class='av-special-heading-tag '  itemprop=\"headline\"  >La Troupe vous attend!!!!<\/h3><div class=\"special-heading-border\"><div class=\"special-heading-inner-border\"><\/div><\/div><\/div>\n\n<style type=\"text\/css\" data-created_by=\"avia_inline_auto\" id=\"style-css-av-m1nfdve8-64de68cf90d004941b1cb09d925bfb11\">\n.flex_column.av-m1nfdve8-64de68cf90d004941b1cb09d925bfb11{\nborder-radius:0px 0px 0px 0px;\npadding:0px 0px 0px 0px;\n}\n<\/style>\n<div  class='flex_column av-m1nfdve8-64de68cf90d004941b1cb09d925bfb11 av_one_half  avia-builder-el-1  el_after_av_heading  el_before_av_one_half  first flex_column_div av-zero-column-padding  '     ><section  class='av_textblock_section av-m1nferq4-e899b04b503a30a188e60db9bb6a790d '   itemscope=\"itemscope\" itemtype=\"https:\/\/schema.org\/BlogPosting\" itemprop=\"blogPost\" ><div class='avia_textblock'  itemprop=\"text\" ><p><a href=\"https:\/\/standimpro.ch\/particuliers\/wp-content\/uploads\/2024\/09\/comm-chat-noir-2811.png\"><img fetchpriority=\"high\" decoding=\"async\" src=\"https:\/\/standimpro.ch\/particuliers\/wp-content\/uploads\/2024\/09\/comm-chat-noir-2811-753x1030.png\" alt=\"\" width=\"753\" height=\"1030\" class=\"alignnone size-large wp-image-8891\" srcset=\"https:\/\/standimpro.ch\/particuliers\/wp-content\/uploads\/2024\/09\/comm-chat-noir-2811-753x1030.png 753w, https:\/\/standimpro.ch\/particuliers\/wp-content\/uploads\/2024\/09\/comm-chat-noir-2811-219x300.png 219w, https:\/\/standimpro.ch\/particuliers\/wp-content\/uploads\/2024\/09\/comm-chat-noir-2811-768x1050.png 768w, https:\/\/standimpro.ch\/particuliers\/wp-content\/uploads\/2024\/09\/comm-chat-noir-2811-516x705.png 516w, https:\/\/standimpro.ch\/particuliers\/wp-content\/uploads\/2024\/09\/comm-chat-noir-2811.png 808w\" sizes=\"(max-width: 753px) 100vw, 753px\" \/><\/a><\/p>\n<\/div><\/section><\/div>\n<style type=\"text\/css\" data-created_by=\"avia_inline_auto\" id=\"style-css-av-av_one_half-49f6e875884219cf77c24341e550af53\">\n.flex_column.av-av_one_half-49f6e875884219cf77c24341e550af53{\nborder-radius:0px 0px 0px 0px;\npadding:0px 0px 0px 0px;\n}\n<\/style>\n<div  class='flex_column av-av_one_half-49f6e875884219cf77c24341e550af53 av_one_half  avia-builder-el-3  el_after_av_one_half  avia-builder-el-last  flex_column_div av-zero-column-padding  '     ><section  class='av_textblock_section av-m1nfgyw3-c44fee78fa581c4c20d408f150799e21 '   itemscope=\"itemscope\" itemtype=\"https:\/\/schema.org\/BlogPosting\" itemprop=\"blogPost\" ><div class='avia_textblock'  itemprop=\"text\" ><p><br class=\"avia-permanent-lb\" \/>La troupe se r\u00e9jouit de vous retrouver pour de nouvelles aventures sur sc\u00e8ne toujours autant loufoques et d\u00e9lirantes!!!!<\/p>\n<p>Pour ce troisi\u00e8me spectacle de la rentr\u00e9e vous retrouverez sur sc\u00e8ne:<\/p>\n<p>Ps: le spectacle commence \u00e0 20h, l&rsquo;ouverture des portes est \u00e0 19h30.<\/p>\n<p><strong>Nouveaut\u00e9!!!! Billetterie en ligne, ne perdez plus de temps \u00e0 la caisse, prenez votre billet maintenant!<\/p>\n<p><strong>Informations pratiques:<\/strong><\/p>\n<p><strong>Date : 28 Novembre<br \/>\n<strong>Heure<\/strong>:<\/strong> 20h00<br \/>\n<strong>Lieu:<\/strong> Chat Noir de Carouge<br \/>\n<strong>R\u00e9servations:<\/strong>  La r\u00e9servation via la billetterie en ligne vous permet de vous assurer une place assise jusqu&rsquo;a 19h55.<br \/>\n Stand Impro se r\u00e9serve le droit de redistribuer les places assises pass\u00e9 ce d\u00e9lai.<strong><br \/>\nPrix: <\/strong>16.- CHF \/ 11.- CHF (\u00e9tudiants sur pr\u00e9sentation carte)<br \/>\n<strong>Paiement: via la billetterie par carte ou twint.<\/strong>.<br \/>\n<strong>\u00c2ge:<\/strong> d\u00e8s 16 ans accompagn\u00e9 d&rsquo;un adulte<\/strong><\/p>\n<\/div><\/section><\/div><\/p>\n<!-- AddThis Advanced Settings generic via filter on the_content --><!-- AddThis Share Buttons generic via filter on the_content -->","protected":false},"excerpt":{"rendered":"<p><!-- AddThis Advanced Settings generic via filter on get_the_excerpt --><!-- AddThis Share Buttons generic via filter on get_the_excerpt --><\/p>\n","protected":false},"author":1,"featured_media":0,"comment_status":"open","ping_status":"open","sticky":false,"template":"","format":"standard","meta":{"footnotes":""},"categories":[1],"tags":[],"class_list":["post-8925","post","type-post","status-publish","format-standard","hentry","category-la-prise-de-parole-en-public-2"],"yoast_head":"<!-- This site is optimized with the Yoast SEO plugin v27.1.1 - https:\/\/yoast.com\/product\/yoast-seo-wordpress\/ -->\n<title>La Troupe -<\/title>\n<meta name=\"robots\" content=\"index, follow, max-snippet:-1, max-image-preview:large, max-video-preview:-1\" \/>\n<link rel=\"canonical\" href=\"https:\/\/standimpro.ch\/particuliers\/la-troupe\/\" \/>\n<meta property=\"og:locale\" content=\"fr_FR\" \/>\n<meta property=\"og:type\" content=\"article\" \/>\n<meta property=\"og:title\" content=\"La Troupe -\" \/>\n<meta property=\"og:url\" content=\"https:\/\/standimpro.ch\/particuliers\/la-troupe\/\" \/>\n<meta property=\"article:publisher\" content=\"https:\/\/www.facebook.com\/standimpro\/?ref=aymt_homepage_panel\" \/>\n<meta property=\"article:published_time\" content=\"2024-09-29T10:18:26+00:00\" \/>\n<meta property=\"og:image\" content=\"https:\/\/standimpro.ch\/particuliers\/wp-content\/uploads\/2024\/09\/comm-chat-noir-2811-753x1030.png\" \/>\n<meta name=\"author\" content=\"Andreas Ventouras\" \/>\n<meta name=\"twitter:label1\" content=\"\u00c9crit par\" \/>\n\t<meta name=\"twitter:data1\" content=\"Andreas Ventouras\" \/>\n\t<meta name=\"twitter:label2\" content=\"Dur\u00e9e de lecture estim\u00e9e\" \/>\n\t<meta name=\"twitter:data2\" content=\"3 minutes\" \/>\n<script type=\"application\/ld+json\" class=\"yoast-schema-graph\">{\"@context\":\"https:\/\/schema.org\",\"@graph\":[{\"@type\":\"Article\",\"@id\":\"https:\/\/standimpro.ch\/particuliers\/la-troupe\/#article\",\"isPartOf\":{\"@id\":\"https:\/\/standimpro.ch\/particuliers\/la-troupe\/\"},\"author\":{\"name\":\"Andreas Ventouras\",\"@id\":\"https:\/\/standimpro.ch\/particuliers\/#\/schema\/person\/d33c2f5702352f109742b22e2a00d111\"},\"headline\":\"La Troupe\",\"datePublished\":\"2024-09-29T10:18:26+00:00\",\"mainEntityOfPage\":{\"@id\":\"https:\/\/standimpro.ch\/particuliers\/la-troupe\/\"},\"wordCount\":401,\"commentCount\":0,\"image\":{\"@id\":\"https:\/\/standimpro.ch\/particuliers\/la-troupe\/#primaryimage\"},\"thumbnailUrl\":\"https:\/\/standimpro.ch\/particuliers\/wp-content\/uploads\/2024\/09\/comm-chat-noir-2811-753x1030.png\",\"articleSection\":[\"La Prise de Parole en Public\"],\"inLanguage\":\"fr-FR\",\"potentialAction\":[{\"@type\":\"CommentAction\",\"name\":\"Comment\",\"target\":[\"https:\/\/standimpro.ch\/particuliers\/la-troupe\/#respond\"]}]},{\"@type\":\"WebPage\",\"@id\":\"https:\/\/standimpro.ch\/particuliers\/la-troupe\/\",\"url\":\"https:\/\/standimpro.ch\/particuliers\/la-troupe\/\",\"name\":\"La Troupe -\",\"isPartOf\":{\"@id\":\"https:\/\/standimpro.ch\/particuliers\/#website\"},\"primaryImageOfPage\":{\"@id\":\"https:\/\/standimpro.ch\/particuliers\/la-troupe\/#primaryimage\"},\"image\":{\"@id\":\"https:\/\/standimpro.ch\/particuliers\/la-troupe\/#primaryimage\"},\"thumbnailUrl\":\"https:\/\/standimpro.ch\/particuliers\/wp-content\/uploads\/2024\/09\/comm-chat-noir-2811-753x1030.png\",\"datePublished\":\"2024-09-29T10:18:26+00:00\",\"author\":{\"@id\":\"https:\/\/standimpro.ch\/particuliers\/#\/schema\/person\/d33c2f5702352f109742b22e2a00d111\"},\"breadcrumb\":{\"@id\":\"https:\/\/standimpro.ch\/particuliers\/la-troupe\/#breadcrumb\"},\"inLanguage\":\"fr-FR\",\"potentialAction\":[{\"@type\":\"ReadAction\",\"target\":[\"https:\/\/standimpro.ch\/particuliers\/la-troupe\/\"]}]},{\"@type\":\"ImageObject\",\"inLanguage\":\"fr-FR\",\"@id\":\"https:\/\/standimpro.ch\/particuliers\/la-troupe\/#primaryimage\",\"url\":\"https:\/\/standimpro.ch\/particuliers\/wp-content\/uploads\/2024\/09\/comm-chat-noir-2811.png\",\"contentUrl\":\"https:\/\/standimpro.ch\/particuliers\/wp-content\/uploads\/2024\/09\/comm-chat-noir-2811.png\",\"width\":808,\"height\":1105},{\"@type\":\"BreadcrumbList\",\"@id\":\"https:\/\/standimpro.ch\/particuliers\/la-troupe\/#breadcrumb\",\"itemListElement\":[{\"@type\":\"ListItem\",\"position\":1,\"name\":\"Accueil\",\"item\":\"https:\/\/standimpro.ch\/particuliers\/impro\/\"},{\"@type\":\"ListItem\",\"position\":2,\"name\":\"La Troupe\"}]},{\"@type\":\"WebSite\",\"@id\":\"https:\/\/standimpro.ch\/particuliers\/#website\",\"url\":\"https:\/\/standimpro.ch\/particuliers\/\",\"name\":\"\",\"description\":\"\",\"potentialAction\":[{\"@type\":\"SearchAction\",\"target\":{\"@type\":\"EntryPoint\",\"urlTemplate\":\"https:\/\/standimpro.ch\/particuliers\/?s={search_term_string}\"},\"query-input\":{\"@type\":\"PropertyValueSpecification\",\"valueRequired\":true,\"valueName\":\"search_term_string\"}}],\"inLanguage\":\"fr-FR\"},{\"@type\":\"Person\",\"@id\":\"https:\/\/standimpro.ch\/particuliers\/#\/schema\/person\/d33c2f5702352f109742b22e2a00d111\",\"name\":\"Andreas Ventouras\",\"image\":{\"@type\":\"ImageObject\",\"inLanguage\":\"fr-FR\",\"@id\":\"https:\/\/standimpro.ch\/particuliers\/#\/schema\/person\/image\/\",\"url\":\"https:\/\/secure.gravatar.com\/avatar\/bb9229b1d690d5c732ec8df34f0ee54fda2edbb9956772a950962d1446caf04f?s=96&d=mm&r=g\",\"contentUrl\":\"https:\/\/secure.gravatar.com\/avatar\/bb9229b1d690d5c732ec8df34f0ee54fda2edbb9956772a950962d1446caf04f?s=96&d=mm&r=g\",\"caption\":\"Andreas Ventouras\"},\"description\":\"Andreas Ventouras, Fondateur et Pr\u00e9sident de Stand'Impro. Il est Formateur \u00e0 la prise de parole en public pour de nombreuses collectivit\u00e9s publiques (Etat de Gen\u00e8ve, Ville de Gen\u00e8ve et autres) ainsi que des entreprises. . Il donne des cours d'improvisation \u00e0 Gen\u00e8ve et se produit r\u00e9guli\u00e8rement sur sc\u00e8ne.\",\"url\":\"https:\/\/standimpro.ch\/particuliers\/author\/andreas\/\"}]}<\/script>\n<!-- \/ Yoast SEO plugin. -->","yoast_head_json":{"title":"La Troupe -","robots":{"index":"index","follow":"follow","max-snippet":"max-snippet:-1","max-image-preview":"max-image-preview:large","max-video-preview":"max-video-preview:-1"},"canonical":"https:\/\/standimpro.ch\/particuliers\/la-troupe\/","og_locale":"fr_FR","og_type":"article","og_title":"La Troupe -","og_url":"https:\/\/standimpro.ch\/particuliers\/la-troupe\/","article_publisher":"https:\/\/www.facebook.com\/standimpro\/?ref=aymt_homepage_panel","article_published_time":"2024-09-29T10:18:26+00:00","og_image":[{"url":"https:\/\/standimpro.ch\/particuliers\/wp-content\/uploads\/2024\/09\/comm-chat-noir-2811-753x1030.png","type":"","width":"","height":""}],"author":"Andreas Ventouras","twitter_misc":{"\u00c9crit par":"Andreas Ventouras","Dur\u00e9e de lecture estim\u00e9e":"3 minutes"},"schema":{"@context":"https:\/\/schema.org","@graph":[{"@type":"Article","@id":"https:\/\/standimpro.ch\/particuliers\/la-troupe\/#article","isPartOf":{"@id":"https:\/\/standimpro.ch\/particuliers\/la-troupe\/"},"author":{"name":"Andreas Ventouras","@id":"https:\/\/standimpro.ch\/particuliers\/#\/schema\/person\/d33c2f5702352f109742b22e2a00d111"},"headline":"La Troupe","datePublished":"2024-09-29T10:18:26+00:00","mainEntityOfPage":{"@id":"https:\/\/standimpro.ch\/particuliers\/la-troupe\/"},"wordCount":401,"commentCount":0,"image":{"@id":"https:\/\/standimpro.ch\/particuliers\/la-troupe\/#primaryimage"},"thumbnailUrl":"https:\/\/standimpro.ch\/particuliers\/wp-content\/uploads\/2024\/09\/comm-chat-noir-2811-753x1030.png","articleSection":["La Prise de Parole en Public"],"inLanguage":"fr-FR","potentialAction":[{"@type":"CommentAction","name":"Comment","target":["https:\/\/standimpro.ch\/particuliers\/la-troupe\/#respond"]}]},{"@type":"WebPage","@id":"https:\/\/standimpro.ch\/particuliers\/la-troupe\/","url":"https:\/\/standimpro.ch\/particuliers\/la-troupe\/","name":"La Troupe -","isPartOf":{"@id":"https:\/\/standimpro.ch\/particuliers\/#website"},"primaryImageOfPage":{"@id":"https:\/\/standimpro.ch\/particuliers\/la-troupe\/#primaryimage"},"image":{"@id":"https:\/\/standimpro.ch\/particuliers\/la-troupe\/#primaryimage"},"thumbnailUrl":"https:\/\/standimpro.ch\/particuliers\/wp-content\/uploads\/2024\/09\/comm-chat-noir-2811-753x1030.png","datePublished":"2024-09-29T10:18:26+00:00","author":{"@id":"https:\/\/standimpro.ch\/particuliers\/#\/schema\/person\/d33c2f5702352f109742b22e2a00d111"},"breadcrumb":{"@id":"https:\/\/standimpro.ch\/particuliers\/la-troupe\/#breadcrumb"},"inLanguage":"fr-FR","potentialAction":[{"@type":"ReadAction","target":["https:\/\/standimpro.ch\/particuliers\/la-troupe\/"]}]},{"@type":"ImageObject","inLanguage":"fr-FR","@id":"https:\/\/standimpro.ch\/particuliers\/la-troupe\/#primaryimage","url":"https:\/\/standimpro.ch\/particuliers\/wp-content\/uploads\/2024\/09\/comm-chat-noir-2811.png","contentUrl":"https:\/\/standimpro.ch\/particuliers\/wp-content\/uploads\/2024\/09\/comm-chat-noir-2811.png","width":808,"height":1105},{"@type":"BreadcrumbList","@id":"https:\/\/standimpro.ch\/particuliers\/la-troupe\/#breadcrumb","itemListElement":[{"@type":"ListItem","position":1,"name":"Accueil","item":"https:\/\/standimpro.ch\/particuliers\/impro\/"},{"@type":"ListItem","position":2,"name":"La Troupe"}]},{"@type":"WebSite","@id":"https:\/\/standimpro.ch\/particuliers\/#website","url":"https:\/\/standimpro.ch\/particuliers\/","name":"","description":"","potentialAction":[{"@type":"SearchAction","target":{"@type":"EntryPoint","urlTemplate":"https:\/\/standimpro.ch\/particuliers\/?s={search_term_string}"},"query-input":{"@type":"PropertyValueSpecification","valueRequired":true,"valueName":"search_term_string"}}],"inLanguage":"fr-FR"},{"@type":"Person","@id":"https:\/\/standimpro.ch\/particuliers\/#\/schema\/person\/d33c2f5702352f109742b22e2a00d111","name":"Andreas Ventouras","image":{"@type":"ImageObject","inLanguage":"fr-FR","@id":"https:\/\/standimpro.ch\/particuliers\/#\/schema\/person\/image\/","url":"https:\/\/secure.gravatar.com\/avatar\/bb9229b1d690d5c732ec8df34f0ee54fda2edbb9956772a950962d1446caf04f?s=96&d=mm&r=g","contentUrl":"https:\/\/secure.gravatar.com\/avatar\/bb9229b1d690d5c732ec8df34f0ee54fda2edbb9956772a950962d1446caf04f?s=96&d=mm&r=g","caption":"Andreas Ventouras"},"description":"Andreas Ventouras, Fondateur et Pr\u00e9sident de Stand'Impro. Il est Formateur \u00e0 la prise de parole en public pour de nombreuses collectivit\u00e9s publiques (Etat de Gen\u00e8ve, Ville de Gen\u00e8ve et autres) ainsi que des entreprises. . Il donne des cours d'improvisation \u00e0 Gen\u00e8ve et se produit r\u00e9guli\u00e8rement sur sc\u00e8ne.","url":"https:\/\/standimpro.ch\/particuliers\/author\/andreas\/"}]}},"_links":{"self":[{"href":"https:\/\/standimpro.ch\/particuliers\/wp-json\/wp\/v2\/posts\/8925","targetHints":{"allow":["GET"]}}],"collection":[{"href":"https:\/\/standimpro.ch\/particuliers\/wp-json\/wp\/v2\/posts"}],"about":[{"href":"https:\/\/standimpro.ch\/particuliers\/wp-json\/wp\/v2\/types\/post"}],"author":[{"embeddable":true,"href":"https:\/\/standimpro.ch\/particuliers\/wp-json\/wp\/v2\/users\/1"}],"replies":[{"embeddable":true,"href":"https:\/\/standimpro.ch\/particuliers\/wp-json\/wp\/v2\/comments?post=8925"}],"version-history":[{"count":2,"href":"https:\/\/standimpro.ch\/particuliers\/wp-json\/wp\/v2\/posts\/8925\/revisions"}],"predecessor-version":[{"id":8928,"href":"https:\/\/standimpro.ch\/particuliers\/wp-json\/wp\/v2\/posts\/8925\/revisions\/8928"}],"wp:attachment":[{"href":"https:\/\/standimpro.ch\/particuliers\/wp-json\/wp\/v2\/media?parent=8925"}],"wp:term":[{"taxonomy":"category","embeddable":true,"href":"https:\/\/standimpro.ch\/particuliers\/wp-json\/wp\/v2\/categories?post=8925"},{"taxonomy":"post_tag","embeddable":true,"href":"https:\/\/standimpro.ch\/particuliers\/wp-json\/wp\/v2\/tags?post=8925"}],"curies":[{"name":"wp","href":"https:\/\/api.w.org\/{rel}","templated":true}]}}