{"id":8929,"date":"2024-09-29T11:24:41","date_gmt":"2024-09-29T10:24:41","guid":{"rendered":"https:\/\/standimpro.ch\/particuliers\/?p=8929"},"modified":"2025-02-24T15:58:13","modified_gmt":"2025-02-24T14:58:13","slug":"la-troupe-au-picwick","status":"publish","type":"post","link":"https:\/\/standimpro.ch\/particuliers\/la-troupe-au-picwick\/","title":{"rendered":"La Troupe au Pickwick!!!!"},"content":{"rendered":"\n<style type=\"text\/css\" data-created_by=\"avia_inline_auto\" id=\"style-css-av-av_heading-85832eba115433f15b47efc722a2f14d\">\n#top .av-special-heading.av-av_heading-85832eba115433f15b47efc722a2f14d{\npadding-bottom:10px;\n}\nbody .av-special-heading.av-av_heading-85832eba115433f15b47efc722a2f14d .av-special-heading-tag .heading-char{\nfont-size:25px;\n}\n.av-special-heading.av-av_heading-85832eba115433f15b47efc722a2f14d .av-subheading{\nfont-size:15px;\n}\n<\/style>\n<div  class='av-special-heading av-av_heading-85832eba115433f15b47efc722a2f14d av-special-heading-h3  avia-builder-el-0  el_before_av_one_half  avia-builder-el-first '><h3 class='av-special-heading-tag '  itemprop=\"headline\"  >La Troupe au Pickwick pour un samedi soir de folie!<\/h3><div class=\"special-heading-border\"><div class=\"special-heading-inner-border\"><\/div><\/div><\/div>\n\n<style type=\"text\/css\" data-created_by=\"avia_inline_auto\" id=\"style-css-av-5d4co1-139194a5d3322a9261e5bfd012a5ae3c\">\n.flex_column.av-5d4co1-139194a5d3322a9261e5bfd012a5ae3c{\nborder-radius:0px 0px 0px 0px;\npadding:0px 0px 0px 0px;\n}\n<\/style>\n<div  class='flex_column av-5d4co1-139194a5d3322a9261e5bfd012a5ae3c av_one_half  avia-builder-el-1  el_after_av_heading  el_before_av_one_half  first flex_column_div av-zero-column-padding  '     ><section  class='av_textblock_section av-m1nfizyn-56fdd206c49d029ac9cc4c185d72e5a9 '   itemscope=\"itemscope\" itemtype=\"https:\/\/schema.org\/BlogPosting\" itemprop=\"blogPost\" ><div class='avia_textblock'  itemprop=\"text\" ><p><a href=\"https:\/\/standimpro.ch\/particuliers\/wp-content\/uploads\/2025\/02\/pop-art-vintage-comic-girl-with-speech-bubble-pretty-girl-giving-ok-gesture_348082-218.png\"><img fetchpriority=\"high\" decoding=\"async\" src=\"https:\/\/standimpro.ch\/particuliers\/wp-content\/uploads\/2025\/02\/pop-art-vintage-comic-girl-with-speech-bubble-pretty-girl-giving-ok-gesture_348082-218.png\" alt=\"\" width=\"826\" height=\"640\" class=\"alignnone size-full wp-image-9443\" srcset=\"https:\/\/standimpro.ch\/particuliers\/wp-content\/uploads\/2025\/02\/pop-art-vintage-comic-girl-with-speech-bubble-pretty-girl-giving-ok-gesture_348082-218.png 826w, https:\/\/standimpro.ch\/particuliers\/wp-content\/uploads\/2025\/02\/pop-art-vintage-comic-girl-with-speech-bubble-pretty-girl-giving-ok-gesture_348082-218-300x232.png 300w, https:\/\/standimpro.ch\/particuliers\/wp-content\/uploads\/2025\/02\/pop-art-vintage-comic-girl-with-speech-bubble-pretty-girl-giving-ok-gesture_348082-218-768x595.png 768w, https:\/\/standimpro.ch\/particuliers\/wp-content\/uploads\/2025\/02\/pop-art-vintage-comic-girl-with-speech-bubble-pretty-girl-giving-ok-gesture_348082-218-705x546.png 705w\" sizes=\"(max-width: 826px) 100vw, 826px\" \/><\/a><\/p>\n<\/div><\/section><\/div>\n\n<style type=\"text\/css\" data-created_by=\"avia_inline_auto\" id=\"style-css-av-4hxo01-b6160db218e7d692ad1ef40f1919ff3e\">\n.flex_column.av-4hxo01-b6160db218e7d692ad1ef40f1919ff3e{\nborder-radius:0px 0px 0px 0px;\npadding:0px 0px 0px 0px;\n}\n<\/style>\n<div  class='flex_column av-4hxo01-b6160db218e7d692ad1ef40f1919ff3e av_one_half  avia-builder-el-3  el_after_av_one_half  avia-builder-el-last  flex_column_div av-zero-column-padding  '     ><section  class='av_textblock_section av-m1nfoz62-df059273eff03eec43ff815767eca992 '   itemscope=\"itemscope\" itemtype=\"https:\/\/schema.org\/BlogPosting\" itemprop=\"blogPost\" ><div class='avia_textblock'  itemprop=\"text\" ><p>La troupe se r\u00e9jouit de vous retrouver pour cette troisi\u00e8me fois au Picwick!!<\/p>\n<p>Pub dont la r\u00e9putation n&rsquo;est plus \u00e0 faire, le Picwick aime d\u00e9nicher de nouveaux talents et permettre \u00e0 son public de le d\u00e9couvrir!<\/p>\n<p>Nous vous proposons cette fois de sortir un Samedi soir,<\/p>\n<p>Ps: le spectacle commence \u00e0 19h30, l&rsquo;ouverture des portes est \u00e0 19h00.<\/p>\n<p><strong>Nouveaut\u00e9!!!! Billetterie en ligne, ne perdez plus de temps \u00e0 la caisse, prenez votre billet maintenant!<\/p>\n<p><a href=\"https:\/\/infomaniak.events\/shop\/stand-impro-show-pickwick-mars-89M63BPJ24\">PRENEZ VOS BILLETS ICI<\/a><\/p>\n<p>Informations pratiques:<\/strong><\/p>\n<p><strong>Date : 29 Mars<br \/>\n<strong>Heure<\/strong>:<\/strong> 19H30<br \/>\n<strong>Lieu:<\/strong> Picwick, rue de Lausanne80<br \/>\n<strong>R\u00e9servations:<\/strong>  La r\u00e9servation via la billetterie en ligne vous permet de vous assurer une place assise jusqu&rsquo;a 19h30.<br \/>\n Stand Impro se r\u00e9serve le droit de redistribuer les places assises pass\u00e9 ce d\u00e9lai.<strong><br \/>\nPrix: <\/strong>16.- CHF \/ 11.- CHF (\u00e9tudiants sur pr\u00e9sentation carte)<br \/>\n<strong>Paiement: via la billetterie par carte ou twint.<\/strong>.<\/p>\n<\/div><\/section><\/div>\n<!-- AddThis Advanced Settings generic via filter on the_content --><!-- AddThis Share Buttons generic via filter on the_content -->","protected":false},"excerpt":{"rendered":"<p><!-- AddThis Advanced Settings generic via filter on get_the_excerpt --><!-- AddThis Share Buttons generic via filter on get_the_excerpt --><\/p>\n","protected":false},"author":1,"featured_media":0,"comment_status":"open","ping_status":"open","sticky":false,"template":"","format":"standard","meta":{"footnotes":""},"categories":[1],"tags":[],"class_list":["post-8929","post","type-post","status-publish","format-standard","hentry","category-la-prise-de-parole-en-public-2"],"yoast_head":"<!-- This site is optimized with the Yoast SEO plugin v27.1.1 - https:\/\/yoast.com\/product\/yoast-seo-wordpress\/ -->\n<title>La Troupe au Pickwick!!!! -<\/title>\n<meta name=\"robots\" content=\"index, follow, max-snippet:-1, max-image-preview:large, max-video-preview:-1\" \/>\n<link rel=\"canonical\" href=\"https:\/\/standimpro.ch\/particuliers\/la-troupe-au-picwick\/\" \/>\n<meta property=\"og:locale\" content=\"fr_FR\" \/>\n<meta property=\"og:type\" content=\"article\" \/>\n<meta property=\"og:title\" content=\"La Troupe au Pickwick!!!! -\" \/>\n<meta property=\"og:url\" content=\"https:\/\/standimpro.ch\/particuliers\/la-troupe-au-picwick\/\" \/>\n<meta property=\"article:publisher\" content=\"https:\/\/www.facebook.com\/standimpro\/?ref=aymt_homepage_panel\" \/>\n<meta property=\"article:published_time\" content=\"2024-09-29T10:24:41+00:00\" \/>\n<meta property=\"article:modified_time\" content=\"2025-02-24T14:58:13+00:00\" \/>\n<meta property=\"og:image\" content=\"https:\/\/standimpro.ch\/particuliers\/wp-content\/uploads\/2025\/02\/pop-art-vintage-comic-girl-with-speech-bubble-pretty-girl-giving-ok-gesture_348082-218.png\" \/>\n\t<meta property=\"og:image:width\" content=\"826\" \/>\n\t<meta property=\"og:image:height\" content=\"640\" \/>\n\t<meta property=\"og:image:type\" content=\"image\/png\" \/>\n<meta name=\"author\" content=\"Andreas Ventouras\" \/>\n<meta name=\"twitter:label1\" content=\"\u00c9crit par\" \/>\n\t<meta name=\"twitter:data1\" content=\"Andreas Ventouras\" \/>\n\t<meta name=\"twitter:label2\" content=\"Dur\u00e9e de lecture estim\u00e9e\" \/>\n\t<meta name=\"twitter:data2\" content=\"3 minutes\" \/>\n<script type=\"application\/ld+json\" class=\"yoast-schema-graph\">{\"@context\":\"https:\/\/schema.org\",\"@graph\":[{\"@type\":\"Article\",\"@id\":\"https:\/\/standimpro.ch\/particuliers\/la-troupe-au-picwick\/#article\",\"isPartOf\":{\"@id\":\"https:\/\/standimpro.ch\/particuliers\/la-troupe-au-picwick\/\"},\"author\":{\"name\":\"Andreas Ventouras\",\"@id\":\"https:\/\/standimpro.ch\/particuliers\/#\/schema\/person\/d33c2f5702352f109742b22e2a00d111\"},\"headline\":\"La Troupe au Pickwick!!!!\",\"datePublished\":\"2024-09-29T10:24:41+00:00\",\"dateModified\":\"2025-02-24T14:58:13+00:00\",\"mainEntityOfPage\":{\"@id\":\"https:\/\/standimpro.ch\/particuliers\/la-troupe-au-picwick\/\"},\"wordCount\":413,\"commentCount\":0,\"image\":{\"@id\":\"https:\/\/standimpro.ch\/particuliers\/la-troupe-au-picwick\/#primaryimage\"},\"thumbnailUrl\":\"https:\/\/standimpro.ch\/particuliers\/wp-content\/uploads\/2025\/02\/pop-art-vintage-comic-girl-with-speech-bubble-pretty-girl-giving-ok-gesture_348082-218.png\",\"articleSection\":[\"La Prise de Parole en Public\"],\"inLanguage\":\"fr-FR\",\"potentialAction\":[{\"@type\":\"CommentAction\",\"name\":\"Comment\",\"target\":[\"https:\/\/standimpro.ch\/particuliers\/la-troupe-au-picwick\/#respond\"]}]},{\"@type\":\"WebPage\",\"@id\":\"https:\/\/standimpro.ch\/particuliers\/la-troupe-au-picwick\/\",\"url\":\"https:\/\/standimpro.ch\/particuliers\/la-troupe-au-picwick\/\",\"name\":\"La Troupe au Pickwick!!!! -\",\"isPartOf\":{\"@id\":\"https:\/\/standimpro.ch\/particuliers\/#website\"},\"primaryImageOfPage\":{\"@id\":\"https:\/\/standimpro.ch\/particuliers\/la-troupe-au-picwick\/#primaryimage\"},\"image\":{\"@id\":\"https:\/\/standimpro.ch\/particuliers\/la-troupe-au-picwick\/#primaryimage\"},\"thumbnailUrl\":\"https:\/\/standimpro.ch\/particuliers\/wp-content\/uploads\/2025\/02\/pop-art-vintage-comic-girl-with-speech-bubble-pretty-girl-giving-ok-gesture_348082-218.png\",\"datePublished\":\"2024-09-29T10:24:41+00:00\",\"dateModified\":\"2025-02-24T14:58:13+00:00\",\"author\":{\"@id\":\"https:\/\/standimpro.ch\/particuliers\/#\/schema\/person\/d33c2f5702352f109742b22e2a00d111\"},\"breadcrumb\":{\"@id\":\"https:\/\/standimpro.ch\/particuliers\/la-troupe-au-picwick\/#breadcrumb\"},\"inLanguage\":\"fr-FR\",\"potentialAction\":[{\"@type\":\"ReadAction\",\"target\":[\"https:\/\/standimpro.ch\/particuliers\/la-troupe-au-picwick\/\"]}]},{\"@type\":\"ImageObject\",\"inLanguage\":\"fr-FR\",\"@id\":\"https:\/\/standimpro.ch\/particuliers\/la-troupe-au-picwick\/#primaryimage\",\"url\":\"https:\/\/standimpro.ch\/particuliers\/wp-content\/uploads\/2025\/02\/pop-art-vintage-comic-girl-with-speech-bubble-pretty-girl-giving-ok-gesture_348082-218.png\",\"contentUrl\":\"https:\/\/standimpro.ch\/particuliers\/wp-content\/uploads\/2025\/02\/pop-art-vintage-comic-girl-with-speech-bubble-pretty-girl-giving-ok-gesture_348082-218.png\"},{\"@type\":\"BreadcrumbList\",\"@id\":\"https:\/\/standimpro.ch\/particuliers\/la-troupe-au-picwick\/#breadcrumb\",\"itemListElement\":[{\"@type\":\"ListItem\",\"position\":1,\"name\":\"Accueil\",\"item\":\"https:\/\/standimpro.ch\/particuliers\/impro\/\"},{\"@type\":\"ListItem\",\"position\":2,\"name\":\"La Troupe au Pickwick!!!!\"}]},{\"@type\":\"WebSite\",\"@id\":\"https:\/\/standimpro.ch\/particuliers\/#website\",\"url\":\"https:\/\/standimpro.ch\/particuliers\/\",\"name\":\"\",\"description\":\"\",\"potentialAction\":[{\"@type\":\"SearchAction\",\"target\":{\"@type\":\"EntryPoint\",\"urlTemplate\":\"https:\/\/standimpro.ch\/particuliers\/?s={search_term_string}\"},\"query-input\":{\"@type\":\"PropertyValueSpecification\",\"valueRequired\":true,\"valueName\":\"search_term_string\"}}],\"inLanguage\":\"fr-FR\"},{\"@type\":\"Person\",\"@id\":\"https:\/\/standimpro.ch\/particuliers\/#\/schema\/person\/d33c2f5702352f109742b22e2a00d111\",\"name\":\"Andreas Ventouras\",\"image\":{\"@type\":\"ImageObject\",\"inLanguage\":\"fr-FR\",\"@id\":\"https:\/\/standimpro.ch\/particuliers\/#\/schema\/person\/image\/\",\"url\":\"https:\/\/secure.gravatar.com\/avatar\/bb9229b1d690d5c732ec8df34f0ee54fda2edbb9956772a950962d1446caf04f?s=96&d=mm&r=g\",\"contentUrl\":\"https:\/\/secure.gravatar.com\/avatar\/bb9229b1d690d5c732ec8df34f0ee54fda2edbb9956772a950962d1446caf04f?s=96&d=mm&r=g\",\"caption\":\"Andreas Ventouras\"},\"description\":\"Andreas Ventouras, Fondateur et Pr\u00e9sident de Stand'Impro. Il est Formateur \u00e0 la prise de parole en public pour de nombreuses collectivit\u00e9s publiques (Etat de Gen\u00e8ve, Ville de Gen\u00e8ve et autres) ainsi que des entreprises. . Il donne des cours d'improvisation \u00e0 Gen\u00e8ve et se produit r\u00e9guli\u00e8rement sur sc\u00e8ne.\",\"url\":\"https:\/\/standimpro.ch\/particuliers\/author\/andreas\/\"}]}<\/script>\n<!-- \/ Yoast SEO plugin. -->","yoast_head_json":{"title":"La Troupe au Pickwick!!!! -","robots":{"index":"index","follow":"follow","max-snippet":"max-snippet:-1","max-image-preview":"max-image-preview:large","max-video-preview":"max-video-preview:-1"},"canonical":"https:\/\/standimpro.ch\/particuliers\/la-troupe-au-picwick\/","og_locale":"fr_FR","og_type":"article","og_title":"La Troupe au Pickwick!!!! -","og_url":"https:\/\/standimpro.ch\/particuliers\/la-troupe-au-picwick\/","article_publisher":"https:\/\/www.facebook.com\/standimpro\/?ref=aymt_homepage_panel","article_published_time":"2024-09-29T10:24:41+00:00","article_modified_time":"2025-02-24T14:58:13+00:00","og_image":[{"width":826,"height":640,"url":"https:\/\/standimpro.ch\/particuliers\/wp-content\/uploads\/2025\/02\/pop-art-vintage-comic-girl-with-speech-bubble-pretty-girl-giving-ok-gesture_348082-218.png","type":"image\/png"}],"author":"Andreas Ventouras","twitter_misc":{"\u00c9crit par":"Andreas Ventouras","Dur\u00e9e de lecture estim\u00e9e":"3 minutes"},"schema":{"@context":"https:\/\/schema.org","@graph":[{"@type":"Article","@id":"https:\/\/standimpro.ch\/particuliers\/la-troupe-au-picwick\/#article","isPartOf":{"@id":"https:\/\/standimpro.ch\/particuliers\/la-troupe-au-picwick\/"},"author":{"name":"Andreas Ventouras","@id":"https:\/\/standimpro.ch\/particuliers\/#\/schema\/person\/d33c2f5702352f109742b22e2a00d111"},"headline":"La Troupe au Pickwick!!!!","datePublished":"2024-09-29T10:24:41+00:00","dateModified":"2025-02-24T14:58:13+00:00","mainEntityOfPage":{"@id":"https:\/\/standimpro.ch\/particuliers\/la-troupe-au-picwick\/"},"wordCount":413,"commentCount":0,"image":{"@id":"https:\/\/standimpro.ch\/particuliers\/la-troupe-au-picwick\/#primaryimage"},"thumbnailUrl":"https:\/\/standimpro.ch\/particuliers\/wp-content\/uploads\/2025\/02\/pop-art-vintage-comic-girl-with-speech-bubble-pretty-girl-giving-ok-gesture_348082-218.png","articleSection":["La Prise de Parole en Public"],"inLanguage":"fr-FR","potentialAction":[{"@type":"CommentAction","name":"Comment","target":["https:\/\/standimpro.ch\/particuliers\/la-troupe-au-picwick\/#respond"]}]},{"@type":"WebPage","@id":"https:\/\/standimpro.ch\/particuliers\/la-troupe-au-picwick\/","url":"https:\/\/standimpro.ch\/particuliers\/la-troupe-au-picwick\/","name":"La Troupe au Pickwick!!!! -","isPartOf":{"@id":"https:\/\/standimpro.ch\/particuliers\/#website"},"primaryImageOfPage":{"@id":"https:\/\/standimpro.ch\/particuliers\/la-troupe-au-picwick\/#primaryimage"},"image":{"@id":"https:\/\/standimpro.ch\/particuliers\/la-troupe-au-picwick\/#primaryimage"},"thumbnailUrl":"https:\/\/standimpro.ch\/particuliers\/wp-content\/uploads\/2025\/02\/pop-art-vintage-comic-girl-with-speech-bubble-pretty-girl-giving-ok-gesture_348082-218.png","datePublished":"2024-09-29T10:24:41+00:00","dateModified":"2025-02-24T14:58:13+00:00","author":{"@id":"https:\/\/standimpro.ch\/particuliers\/#\/schema\/person\/d33c2f5702352f109742b22e2a00d111"},"breadcrumb":{"@id":"https:\/\/standimpro.ch\/particuliers\/la-troupe-au-picwick\/#breadcrumb"},"inLanguage":"fr-FR","potentialAction":[{"@type":"ReadAction","target":["https:\/\/standimpro.ch\/particuliers\/la-troupe-au-picwick\/"]}]},{"@type":"ImageObject","inLanguage":"fr-FR","@id":"https:\/\/standimpro.ch\/particuliers\/la-troupe-au-picwick\/#primaryimage","url":"https:\/\/standimpro.ch\/particuliers\/wp-content\/uploads\/2025\/02\/pop-art-vintage-comic-girl-with-speech-bubble-pretty-girl-giving-ok-gesture_348082-218.png","contentUrl":"https:\/\/standimpro.ch\/particuliers\/wp-content\/uploads\/2025\/02\/pop-art-vintage-comic-girl-with-speech-bubble-pretty-girl-giving-ok-gesture_348082-218.png"},{"@type":"BreadcrumbList","@id":"https:\/\/standimpro.ch\/particuliers\/la-troupe-au-picwick\/#breadcrumb","itemListElement":[{"@type":"ListItem","position":1,"name":"Accueil","item":"https:\/\/standimpro.ch\/particuliers\/impro\/"},{"@type":"ListItem","position":2,"name":"La Troupe au Pickwick!!!!"}]},{"@type":"WebSite","@id":"https:\/\/standimpro.ch\/particuliers\/#website","url":"https:\/\/standimpro.ch\/particuliers\/","name":"","description":"","potentialAction":[{"@type":"SearchAction","target":{"@type":"EntryPoint","urlTemplate":"https:\/\/standimpro.ch\/particuliers\/?s={search_term_string}"},"query-input":{"@type":"PropertyValueSpecification","valueRequired":true,"valueName":"search_term_string"}}],"inLanguage":"fr-FR"},{"@type":"Person","@id":"https:\/\/standimpro.ch\/particuliers\/#\/schema\/person\/d33c2f5702352f109742b22e2a00d111","name":"Andreas Ventouras","image":{"@type":"ImageObject","inLanguage":"fr-FR","@id":"https:\/\/standimpro.ch\/particuliers\/#\/schema\/person\/image\/","url":"https:\/\/secure.gravatar.com\/avatar\/bb9229b1d690d5c732ec8df34f0ee54fda2edbb9956772a950962d1446caf04f?s=96&d=mm&r=g","contentUrl":"https:\/\/secure.gravatar.com\/avatar\/bb9229b1d690d5c732ec8df34f0ee54fda2edbb9956772a950962d1446caf04f?s=96&d=mm&r=g","caption":"Andreas Ventouras"},"description":"Andreas Ventouras, Fondateur et Pr\u00e9sident de Stand'Impro. Il est Formateur \u00e0 la prise de parole en public pour de nombreuses collectivit\u00e9s publiques (Etat de Gen\u00e8ve, Ville de Gen\u00e8ve et autres) ainsi que des entreprises. . Il donne des cours d'improvisation \u00e0 Gen\u00e8ve et se produit r\u00e9guli\u00e8rement sur sc\u00e8ne.","url":"https:\/\/standimpro.ch\/particuliers\/author\/andreas\/"}]}},"_links":{"self":[{"href":"https:\/\/standimpro.ch\/particuliers\/wp-json\/wp\/v2\/posts\/8929","targetHints":{"allow":["GET"]}}],"collection":[{"href":"https:\/\/standimpro.ch\/particuliers\/wp-json\/wp\/v2\/posts"}],"about":[{"href":"https:\/\/standimpro.ch\/particuliers\/wp-json\/wp\/v2\/types\/post"}],"author":[{"embeddable":true,"href":"https:\/\/standimpro.ch\/particuliers\/wp-json\/wp\/v2\/users\/1"}],"replies":[{"embeddable":true,"href":"https:\/\/standimpro.ch\/particuliers\/wp-json\/wp\/v2\/comments?post=8929"}],"version-history":[{"count":12,"href":"https:\/\/standimpro.ch\/particuliers\/wp-json\/wp\/v2\/posts\/8929\/revisions"}],"predecessor-version":[{"id":8931,"href":"https:\/\/standimpro.ch\/particuliers\/wp-json\/wp\/v2\/posts\/8929\/revisions\/8931"}],"wp:attachment":[{"href":"https:\/\/standimpro.ch\/particuliers\/wp-json\/wp\/v2\/media?parent=8929"}],"wp:term":[{"taxonomy":"category","embeddable":true,"href":"https:\/\/standimpro.ch\/particuliers\/wp-json\/wp\/v2\/categories?post=8929"},{"taxonomy":"post_tag","embeddable":true,"href":"https:\/\/standimpro.ch\/particuliers\/wp-json\/wp\/v2\/tags?post=8929"}],"curies":[{"name":"wp","href":"https:\/\/api.w.org\/{rel}","templated":true}]}}