{"id":971,"date":"2015-12-09T12:21:07","date_gmt":"2015-12-09T11:21:07","guid":{"rendered":"http:\/\/standimpro.ch\/particuliers\/?p=971"},"modified":"2016-04-18T11:56:49","modified_gmt":"2016-04-18T10:56:49","slug":"impro-talent-igor-potoczny","status":"publish","type":"post","link":"https:\/\/standimpro.ch\/particuliers\/impro-talent-igor-potoczny\/","title":{"rendered":"Impro Talent: Igor Potoczny \u00e0 Gen\u00e8ve!"},"content":{"rendered":"<p>&nbsp;<\/p>\n<div id=\"attachment_1183\" style=\"width: 292px\" class=\"wp-caption alignleft\"><a href=\"http:\/\/standimpro.ch\/particuliers\/wp-content\/uploads\/2016\/04\/IMG_0490.jpg\"><img fetchpriority=\"high\" decoding=\"async\" aria-describedby=\"caption-attachment-1183\" class=\" wp-image-1183\" src=\"http:\/\/standimpro.ch\/particuliers\/wp-content\/uploads\/2016\/04\/IMG_0490.jpg\" alt=\"Impro Talent 2015: Igor Potoczny avec Andreas Ventouras au Moulin Rouge\" width=\"282\" height=\"188\" srcset=\"https:\/\/standimpro.ch\/particuliers\/wp-content\/uploads\/2016\/04\/IMG_0490.jpg 5760w, https:\/\/standimpro.ch\/particuliers\/wp-content\/uploads\/2016\/04\/IMG_0490-300x200.jpg 300w, https:\/\/standimpro.ch\/particuliers\/wp-content\/uploads\/2016\/04\/IMG_0490-768x512.jpg 768w, https:\/\/standimpro.ch\/particuliers\/wp-content\/uploads\/2016\/04\/IMG_0490-1030x687.jpg 1030w, https:\/\/standimpro.ch\/particuliers\/wp-content\/uploads\/2016\/04\/IMG_0490-1500x1000.jpg 1500w, https:\/\/standimpro.ch\/particuliers\/wp-content\/uploads\/2016\/04\/IMG_0490-705x470.jpg 705w, https:\/\/standimpro.ch\/particuliers\/wp-content\/uploads\/2016\/04\/IMG_0490-450x300.jpg 450w\" sizes=\"(max-width: 282px) 100vw, 282px\" \/><\/a><p id=\"caption-attachment-1183\" class=\"wp-caption-text\">Impro Talent 2015: Igor Potoczny avec Andreas Ventouras au Moulin Rouge<\/p><\/div>\n<p>Igor Potoczny est une des rares stars internationalement reconnue dans le domaine de l&rsquo;improvisation th\u00e9\u00e2trale. A ce titre, cet humoriste affiche un palmar\u00e8s impressionnant puisqu&rsquo;il a notamment remport\u00e9:<\/p>\n<p>&#8211; 2 coupes du Monde d&rsquo;Impro \u00e0 Paris<br \/>\n&#8211; 1 coupe de France, \u00e0 Paris<br \/>\n&#8211; 3 Masters de l&rsquo;Impro \u00e0 Niort<br \/>\n&#8211; 2 Mondiaux \u00abJuste Pour Rire\u00bb \u00e0 Montr\u00e9al<br \/>\n&#8211; 3 Mondiaux de catch impro \u00e0 Gen\u00e8ve<\/p>\n<p>Il nous fait l&rsquo;honneur de sa visite \u00e0 Gen\u00e8ve pour un duo avec Andreas Ventouras, Fondateur de l&rsquo;\u00e9cole d&rsquo;improvisation, Stand&rsquo;Impro. Au cours de ce spectacle, deux tendances du monde de l\u2019improvisation vont se rencontrer : l\u2019une marqu\u00e9e par l\u2019art du mouvement et l\u2019\u00e9criture spontan\u00e9e qu\u2019il engendre. De l\u2019autre c\u00f4t\u00e9, un jeu tr\u00e8s expressif \u00e0 travers lequel les diff\u00e9rentes interpr\u00e9tations de personnages d\u00e9filent \u00e0 un rythme effr\u00e9n\u00e9. Le point commun des deux Com\u00e9diens : leur recherche perp\u00e9tuelle du rire situationnel que seul l\u2019improvisation peut offrir sur une sc\u00e8ne. Vous \u00eates pr\u00e9venus : du rire et de belles \u00e9motions au programme !<\/p>\n<p>&nbsp;<\/p>\n<div id=\"attachment_1189\" style=\"width: 443px\" class=\"wp-caption aligncenter\"><a href=\"http:\/\/standimpro.ch\/particuliers\/wp-content\/uploads\/2016\/04\/IMG_0505-1024x683.jpg\"><img decoding=\"async\" aria-describedby=\"caption-attachment-1189\" class=\" wp-image-1189\" src=\"http:\/\/standimpro.ch\/particuliers\/wp-content\/uploads\/2016\/04\/IMG_0505-1024x683.jpg\" alt=\"Impro Talent 2015: Igor Potoczny au Moulin Rouge\" width=\"433\" height=\"289\" srcset=\"https:\/\/standimpro.ch\/particuliers\/wp-content\/uploads\/2016\/04\/IMG_0505-1024x683.jpg 1024w, https:\/\/standimpro.ch\/particuliers\/wp-content\/uploads\/2016\/04\/IMG_0505-1024x683-300x200.jpg 300w, https:\/\/standimpro.ch\/particuliers\/wp-content\/uploads\/2016\/04\/IMG_0505-1024x683-768x512.jpg 768w, https:\/\/standimpro.ch\/particuliers\/wp-content\/uploads\/2016\/04\/IMG_0505-1024x683-705x470.jpg 705w, https:\/\/standimpro.ch\/particuliers\/wp-content\/uploads\/2016\/04\/IMG_0505-1024x683-450x300.jpg 450w\" sizes=\"(max-width: 433px) 100vw, 433px\" \/><\/a><p id=\"caption-attachment-1189\" class=\"wp-caption-text\">Impro Talent 2015: Igor Potoczny au Moulin Rouge<\/p><\/div>\n<p>&nbsp;<\/p>\n<p><strong>Lieu:<\/strong><br \/>\nMoulin Rouge de Gen\u00e8ve, avenue du Mail 1<\/p>\n<p><strong>Date:<br \/>\n<\/strong> Jeudi 26 mai, 20h30-22h00<br \/>\nOuverture des portes \u00e0 20h00<\/p>\n<p><strong>Contact:<\/strong><br \/>\ninfo@standimpro.ch<br \/>\n078\/ 674 97 90<\/p>\n<p><strong>Prix des places en pr\u00e9locations (recommand\u00e9):<\/strong><\/p>\n<p>20.- CHF, tarif plein<br \/>\n15.- CHF, tarif r\u00e9duit (AVS, \u00e9tudiants, ch\u00f4meurs et \u00e9l\u00e8ves Stand\u2019Impro sur pr\u00e9sentation d\u2019une carte)<\/p>\n<p>Vous pouvez obtenir les billets en avance au prix pr\u00e9location en effectuant un virement bancaire sur les coordonn\u00e9es de Stand&rsquo;Impro. Vous pouvez mentionner le nom et la date du spectacle et si vous le souhaitez nous demander une confirmation \u00e9crite par email. Le soir du spectacle, votre nom sera sur la liste des pr\u00e9locations ce qui vous garantit de rentrer d\u00e8s l&rsquo;ouverture des portes et d&rsquo;avoir une place confortable.<\/p>\n<p>Stand&rsquo;Impro, rue de Lausanne 109, 1202 Gen\u00e8ve<br \/>\nPost Finance, account n\u00b0 12-233016-3<br \/>\nIBAN : CH69 0900 0000 1223 30163<\/p>\n<p><strong>Prix des places sur place<\/strong>:<\/p>\n<p>22.- CHF, tarif plein<br \/>\n17.- CHF, tarif r\u00e9duit (AVS, \u00e9tudiants, ch\u00f4meurs et \u00e9l\u00e8ves Stand\u2019Impro sur pr\u00e9sentation d\u2019une carte)<\/p>\n<!-- AddThis Advanced Settings generic via filter on the_content --><!-- AddThis Share Buttons generic via filter on the_content -->","protected":false},"excerpt":{"rendered":"<p>&nbsp; Igor Potoczny est une des rares stars internationalement reconnue dans le domaine de l&rsquo;improvisation th\u00e9\u00e2trale. A ce titre, cet humoriste affiche un palmar\u00e8s impressionnant puisqu&rsquo;il a notamment remport\u00e9: &#8211; 2 coupes du Monde d&rsquo;Impro \u00e0 Paris &#8211; 1 coupe de France, \u00e0 Paris &#8211; 3 Masters de l&rsquo;Impro \u00e0 Niort &#8211; 2 Mondiaux \u00abJuste [&hellip;]<!-- AddThis Advanced Settings generic via filter on get_the_excerpt --><!-- AddThis Share Buttons generic via filter on get_the_excerpt --><\/p>\n","protected":false},"author":1,"featured_media":0,"comment_status":"open","ping_status":"open","sticky":false,"template":"","format":"standard","meta":{"footnotes":""},"categories":[1],"tags":[],"class_list":["post-971","post","type-post","status-publish","format-standard","hentry","category-la-prise-de-parole-en-public-2"],"yoast_head":"<!-- This site is optimized with the Yoast SEO plugin v27.1.1 - https:\/\/yoast.com\/product\/yoast-seo-wordpress\/ -->\n<title>Impro Talent: Igor Potoczny \u00e0 Gen\u00e8ve! -<\/title>\n<meta name=\"robots\" content=\"index, follow, max-snippet:-1, max-image-preview:large, max-video-preview:-1\" \/>\n<link rel=\"canonical\" href=\"https:\/\/standimpro.ch\/particuliers\/impro-talent-igor-potoczny\/\" \/>\n<meta property=\"og:locale\" content=\"fr_FR\" \/>\n<meta property=\"og:type\" content=\"article\" \/>\n<meta property=\"og:title\" content=\"Impro Talent: Igor Potoczny \u00e0 Gen\u00e8ve! -\" \/>\n<meta property=\"og:description\" content=\"&nbsp; Igor Potoczny est une des rares stars internationalement reconnue dans le domaine de l&rsquo;improvisation th\u00e9\u00e2trale. A ce titre, cet humoriste affiche un palmar\u00e8s impressionnant puisqu&rsquo;il a notamment remport\u00e9: &#8211; 2 coupes du Monde d&rsquo;Impro \u00e0 Paris &#8211; 1 coupe de France, \u00e0 Paris &#8211; 3 Masters de l&rsquo;Impro \u00e0 Niort &#8211; 2 Mondiaux \u00abJuste [&hellip;]\" \/>\n<meta property=\"og:url\" content=\"https:\/\/standimpro.ch\/particuliers\/impro-talent-igor-potoczny\/\" \/>\n<meta property=\"article:publisher\" content=\"https:\/\/www.facebook.com\/standimpro\/?ref=aymt_homepage_panel\" \/>\n<meta property=\"article:published_time\" content=\"2015-12-09T11:21:07+00:00\" \/>\n<meta property=\"article:modified_time\" content=\"2016-04-18T10:56:49+00:00\" \/>\n<meta property=\"og:image\" content=\"http:\/\/standimpro.ch\/particuliers\/wp-content\/uploads\/2016\/04\/IMG_0490.jpg\" \/>\n<meta name=\"author\" content=\"Andreas Ventouras\" \/>\n<meta name=\"twitter:label1\" content=\"\u00c9crit par\" \/>\n\t<meta name=\"twitter:data1\" content=\"Andreas Ventouras\" \/>\n\t<meta name=\"twitter:label2\" content=\"Dur\u00e9e de lecture estim\u00e9e\" \/>\n\t<meta name=\"twitter:data2\" content=\"2 minutes\" \/>\n<script type=\"application\/ld+json\" class=\"yoast-schema-graph\">{\"@context\":\"https:\/\/schema.org\",\"@graph\":[{\"@type\":\"Article\",\"@id\":\"https:\/\/standimpro.ch\/particuliers\/impro-talent-igor-potoczny\/#article\",\"isPartOf\":{\"@id\":\"https:\/\/standimpro.ch\/particuliers\/impro-talent-igor-potoczny\/\"},\"author\":{\"name\":\"Andreas Ventouras\",\"@id\":\"https:\/\/standimpro.ch\/particuliers\/#\/schema\/person\/d33c2f5702352f109742b22e2a00d111\"},\"headline\":\"Impro Talent: Igor Potoczny \u00e0 Gen\u00e8ve!\",\"datePublished\":\"2015-12-09T11:21:07+00:00\",\"dateModified\":\"2016-04-18T10:56:49+00:00\",\"mainEntityOfPage\":{\"@id\":\"https:\/\/standimpro.ch\/particuliers\/impro-talent-igor-potoczny\/\"},\"wordCount\":395,\"commentCount\":0,\"image\":{\"@id\":\"https:\/\/standimpro.ch\/particuliers\/impro-talent-igor-potoczny\/#primaryimage\"},\"thumbnailUrl\":\"http:\/\/standimpro.ch\/particuliers\/wp-content\/uploads\/2016\/04\/IMG_0490.jpg\",\"articleSection\":[\"La Prise de Parole en Public\"],\"inLanguage\":\"fr-FR\",\"potentialAction\":[{\"@type\":\"CommentAction\",\"name\":\"Comment\",\"target\":[\"https:\/\/standimpro.ch\/particuliers\/impro-talent-igor-potoczny\/#respond\"]}]},{\"@type\":\"WebPage\",\"@id\":\"https:\/\/standimpro.ch\/particuliers\/impro-talent-igor-potoczny\/\",\"url\":\"https:\/\/standimpro.ch\/particuliers\/impro-talent-igor-potoczny\/\",\"name\":\"Impro Talent: Igor Potoczny \u00e0 Gen\u00e8ve! -\",\"isPartOf\":{\"@id\":\"https:\/\/standimpro.ch\/particuliers\/#website\"},\"primaryImageOfPage\":{\"@id\":\"https:\/\/standimpro.ch\/particuliers\/impro-talent-igor-potoczny\/#primaryimage\"},\"image\":{\"@id\":\"https:\/\/standimpro.ch\/particuliers\/impro-talent-igor-potoczny\/#primaryimage\"},\"thumbnailUrl\":\"http:\/\/standimpro.ch\/particuliers\/wp-content\/uploads\/2016\/04\/IMG_0490.jpg\",\"datePublished\":\"2015-12-09T11:21:07+00:00\",\"dateModified\":\"2016-04-18T10:56:49+00:00\",\"author\":{\"@id\":\"https:\/\/standimpro.ch\/particuliers\/#\/schema\/person\/d33c2f5702352f109742b22e2a00d111\"},\"breadcrumb\":{\"@id\":\"https:\/\/standimpro.ch\/particuliers\/impro-talent-igor-potoczny\/#breadcrumb\"},\"inLanguage\":\"fr-FR\",\"potentialAction\":[{\"@type\":\"ReadAction\",\"target\":[\"https:\/\/standimpro.ch\/particuliers\/impro-talent-igor-potoczny\/\"]}]},{\"@type\":\"ImageObject\",\"inLanguage\":\"fr-FR\",\"@id\":\"https:\/\/standimpro.ch\/particuliers\/impro-talent-igor-potoczny\/#primaryimage\",\"url\":\"http:\/\/standimpro.ch\/particuliers\/wp-content\/uploads\/2016\/04\/IMG_0490.jpg\",\"contentUrl\":\"http:\/\/standimpro.ch\/particuliers\/wp-content\/uploads\/2016\/04\/IMG_0490.jpg\"},{\"@type\":\"BreadcrumbList\",\"@id\":\"https:\/\/standimpro.ch\/particuliers\/impro-talent-igor-potoczny\/#breadcrumb\",\"itemListElement\":[{\"@type\":\"ListItem\",\"position\":1,\"name\":\"Accueil\",\"item\":\"https:\/\/standimpro.ch\/particuliers\/impro\/\"},{\"@type\":\"ListItem\",\"position\":2,\"name\":\"Impro Talent: Igor Potoczny \u00e0 Gen\u00e8ve!\"}]},{\"@type\":\"WebSite\",\"@id\":\"https:\/\/standimpro.ch\/particuliers\/#website\",\"url\":\"https:\/\/standimpro.ch\/particuliers\/\",\"name\":\"\",\"description\":\"\",\"potentialAction\":[{\"@type\":\"SearchAction\",\"target\":{\"@type\":\"EntryPoint\",\"urlTemplate\":\"https:\/\/standimpro.ch\/particuliers\/?s={search_term_string}\"},\"query-input\":{\"@type\":\"PropertyValueSpecification\",\"valueRequired\":true,\"valueName\":\"search_term_string\"}}],\"inLanguage\":\"fr-FR\"},{\"@type\":\"Person\",\"@id\":\"https:\/\/standimpro.ch\/particuliers\/#\/schema\/person\/d33c2f5702352f109742b22e2a00d111\",\"name\":\"Andreas Ventouras\",\"image\":{\"@type\":\"ImageObject\",\"inLanguage\":\"fr-FR\",\"@id\":\"https:\/\/standimpro.ch\/particuliers\/#\/schema\/person\/image\/\",\"url\":\"https:\/\/secure.gravatar.com\/avatar\/bb9229b1d690d5c732ec8df34f0ee54fda2edbb9956772a950962d1446caf04f?s=96&d=mm&r=g\",\"contentUrl\":\"https:\/\/secure.gravatar.com\/avatar\/bb9229b1d690d5c732ec8df34f0ee54fda2edbb9956772a950962d1446caf04f?s=96&d=mm&r=g\",\"caption\":\"Andreas Ventouras\"},\"description\":\"Andreas Ventouras, Fondateur et Pr\u00e9sident de Stand'Impro. Il est Formateur \u00e0 la prise de parole en public pour de nombreuses collectivit\u00e9s publiques (Etat de Gen\u00e8ve, Ville de Gen\u00e8ve et autres) ainsi que des entreprises. . Il donne des cours d'improvisation \u00e0 Gen\u00e8ve et se produit r\u00e9guli\u00e8rement sur sc\u00e8ne.\",\"url\":\"https:\/\/standimpro.ch\/particuliers\/author\/andreas\/\"}]}<\/script>\n<!-- \/ Yoast SEO plugin. -->","yoast_head_json":{"title":"Impro Talent: Igor Potoczny \u00e0 Gen\u00e8ve! -","robots":{"index":"index","follow":"follow","max-snippet":"max-snippet:-1","max-image-preview":"max-image-preview:large","max-video-preview":"max-video-preview:-1"},"canonical":"https:\/\/standimpro.ch\/particuliers\/impro-talent-igor-potoczny\/","og_locale":"fr_FR","og_type":"article","og_title":"Impro Talent: Igor Potoczny \u00e0 Gen\u00e8ve! -","og_description":"&nbsp; Igor Potoczny est une des rares stars internationalement reconnue dans le domaine de l&rsquo;improvisation th\u00e9\u00e2trale. A ce titre, cet humoriste affiche un palmar\u00e8s impressionnant puisqu&rsquo;il a notamment remport\u00e9: &#8211; 2 coupes du Monde d&rsquo;Impro \u00e0 Paris &#8211; 1 coupe de France, \u00e0 Paris &#8211; 3 Masters de l&rsquo;Impro \u00e0 Niort &#8211; 2 Mondiaux \u00abJuste [&hellip;]","og_url":"https:\/\/standimpro.ch\/particuliers\/impro-talent-igor-potoczny\/","article_publisher":"https:\/\/www.facebook.com\/standimpro\/?ref=aymt_homepage_panel","article_published_time":"2015-12-09T11:21:07+00:00","article_modified_time":"2016-04-18T10:56:49+00:00","og_image":[{"url":"http:\/\/standimpro.ch\/particuliers\/wp-content\/uploads\/2016\/04\/IMG_0490.jpg","type":"","width":"","height":""}],"author":"Andreas Ventouras","twitter_misc":{"\u00c9crit par":"Andreas Ventouras","Dur\u00e9e de lecture estim\u00e9e":"2 minutes"},"schema":{"@context":"https:\/\/schema.org","@graph":[{"@type":"Article","@id":"https:\/\/standimpro.ch\/particuliers\/impro-talent-igor-potoczny\/#article","isPartOf":{"@id":"https:\/\/standimpro.ch\/particuliers\/impro-talent-igor-potoczny\/"},"author":{"name":"Andreas Ventouras","@id":"https:\/\/standimpro.ch\/particuliers\/#\/schema\/person\/d33c2f5702352f109742b22e2a00d111"},"headline":"Impro Talent: Igor Potoczny \u00e0 Gen\u00e8ve!","datePublished":"2015-12-09T11:21:07+00:00","dateModified":"2016-04-18T10:56:49+00:00","mainEntityOfPage":{"@id":"https:\/\/standimpro.ch\/particuliers\/impro-talent-igor-potoczny\/"},"wordCount":395,"commentCount":0,"image":{"@id":"https:\/\/standimpro.ch\/particuliers\/impro-talent-igor-potoczny\/#primaryimage"},"thumbnailUrl":"http:\/\/standimpro.ch\/particuliers\/wp-content\/uploads\/2016\/04\/IMG_0490.jpg","articleSection":["La Prise de Parole en Public"],"inLanguage":"fr-FR","potentialAction":[{"@type":"CommentAction","name":"Comment","target":["https:\/\/standimpro.ch\/particuliers\/impro-talent-igor-potoczny\/#respond"]}]},{"@type":"WebPage","@id":"https:\/\/standimpro.ch\/particuliers\/impro-talent-igor-potoczny\/","url":"https:\/\/standimpro.ch\/particuliers\/impro-talent-igor-potoczny\/","name":"Impro Talent: Igor Potoczny \u00e0 Gen\u00e8ve! -","isPartOf":{"@id":"https:\/\/standimpro.ch\/particuliers\/#website"},"primaryImageOfPage":{"@id":"https:\/\/standimpro.ch\/particuliers\/impro-talent-igor-potoczny\/#primaryimage"},"image":{"@id":"https:\/\/standimpro.ch\/particuliers\/impro-talent-igor-potoczny\/#primaryimage"},"thumbnailUrl":"http:\/\/standimpro.ch\/particuliers\/wp-content\/uploads\/2016\/04\/IMG_0490.jpg","datePublished":"2015-12-09T11:21:07+00:00","dateModified":"2016-04-18T10:56:49+00:00","author":{"@id":"https:\/\/standimpro.ch\/particuliers\/#\/schema\/person\/d33c2f5702352f109742b22e2a00d111"},"breadcrumb":{"@id":"https:\/\/standimpro.ch\/particuliers\/impro-talent-igor-potoczny\/#breadcrumb"},"inLanguage":"fr-FR","potentialAction":[{"@type":"ReadAction","target":["https:\/\/standimpro.ch\/particuliers\/impro-talent-igor-potoczny\/"]}]},{"@type":"ImageObject","inLanguage":"fr-FR","@id":"https:\/\/standimpro.ch\/particuliers\/impro-talent-igor-potoczny\/#primaryimage","url":"http:\/\/standimpro.ch\/particuliers\/wp-content\/uploads\/2016\/04\/IMG_0490.jpg","contentUrl":"http:\/\/standimpro.ch\/particuliers\/wp-content\/uploads\/2016\/04\/IMG_0490.jpg"},{"@type":"BreadcrumbList","@id":"https:\/\/standimpro.ch\/particuliers\/impro-talent-igor-potoczny\/#breadcrumb","itemListElement":[{"@type":"ListItem","position":1,"name":"Accueil","item":"https:\/\/standimpro.ch\/particuliers\/impro\/"},{"@type":"ListItem","position":2,"name":"Impro Talent: Igor Potoczny \u00e0 Gen\u00e8ve!"}]},{"@type":"WebSite","@id":"https:\/\/standimpro.ch\/particuliers\/#website","url":"https:\/\/standimpro.ch\/particuliers\/","name":"","description":"","potentialAction":[{"@type":"SearchAction","target":{"@type":"EntryPoint","urlTemplate":"https:\/\/standimpro.ch\/particuliers\/?s={search_term_string}"},"query-input":{"@type":"PropertyValueSpecification","valueRequired":true,"valueName":"search_term_string"}}],"inLanguage":"fr-FR"},{"@type":"Person","@id":"https:\/\/standimpro.ch\/particuliers\/#\/schema\/person\/d33c2f5702352f109742b22e2a00d111","name":"Andreas Ventouras","image":{"@type":"ImageObject","inLanguage":"fr-FR","@id":"https:\/\/standimpro.ch\/particuliers\/#\/schema\/person\/image\/","url":"https:\/\/secure.gravatar.com\/avatar\/bb9229b1d690d5c732ec8df34f0ee54fda2edbb9956772a950962d1446caf04f?s=96&d=mm&r=g","contentUrl":"https:\/\/secure.gravatar.com\/avatar\/bb9229b1d690d5c732ec8df34f0ee54fda2edbb9956772a950962d1446caf04f?s=96&d=mm&r=g","caption":"Andreas Ventouras"},"description":"Andreas Ventouras, Fondateur et Pr\u00e9sident de Stand'Impro. Il est Formateur \u00e0 la prise de parole en public pour de nombreuses collectivit\u00e9s publiques (Etat de Gen\u00e8ve, Ville de Gen\u00e8ve et autres) ainsi que des entreprises. . Il donne des cours d'improvisation \u00e0 Gen\u00e8ve et se produit r\u00e9guli\u00e8rement sur sc\u00e8ne.","url":"https:\/\/standimpro.ch\/particuliers\/author\/andreas\/"}]}},"_links":{"self":[{"href":"https:\/\/standimpro.ch\/particuliers\/wp-json\/wp\/v2\/posts\/971","targetHints":{"allow":["GET"]}}],"collection":[{"href":"https:\/\/standimpro.ch\/particuliers\/wp-json\/wp\/v2\/posts"}],"about":[{"href":"https:\/\/standimpro.ch\/particuliers\/wp-json\/wp\/v2\/types\/post"}],"author":[{"embeddable":true,"href":"https:\/\/standimpro.ch\/particuliers\/wp-json\/wp\/v2\/users\/1"}],"replies":[{"embeddable":true,"href":"https:\/\/standimpro.ch\/particuliers\/wp-json\/wp\/v2\/comments?post=971"}],"version-history":[{"count":0,"href":"https:\/\/standimpro.ch\/particuliers\/wp-json\/wp\/v2\/posts\/971\/revisions"}],"wp:attachment":[{"href":"https:\/\/standimpro.ch\/particuliers\/wp-json\/wp\/v2\/media?parent=971"}],"wp:term":[{"taxonomy":"category","embeddable":true,"href":"https:\/\/standimpro.ch\/particuliers\/wp-json\/wp\/v2\/categories?post=971"},{"taxonomy":"post_tag","embeddable":true,"href":"https:\/\/standimpro.ch\/particuliers\/wp-json\/wp\/v2\/tags?post=971"}],"curies":[{"name":"wp","href":"https:\/\/api.w.org\/{rel}","templated":true}]}}