{"id":981,"date":"2016-01-04T16:02:00","date_gmt":"2016-01-04T15:02:00","guid":{"rendered":"http:\/\/standimpro.ch\/particuliers\/?p=981"},"modified":"2016-06-08T08:41:50","modified_gmt":"2016-06-08T07:41:50","slug":"impro-decouverte-11-mai","status":"publish","type":"post","link":"https:\/\/standimpro.ch\/particuliers\/impro-decouverte-11-mai\/","title":{"rendered":"Impro D\u00e9couverte"},"content":{"rendered":"<p style=\"text-align: center;\"><a href=\"http:\/\/standimpro.ch\/particuliers\/wp-content\/uploads\/2016\/04\/Laurent.jpg\"><strong>Prise de t\u00eate entre amis<\/strong><\/a><\/p>\n<p style=\"text-align: left;\"><a href=\"http:\/\/standimpro.ch\/particuliers\/wp-content\/uploads\/2016\/06\/IMG_4272_flyer.jpg\"><img fetchpriority=\"high\" decoding=\"async\" class=\"wp-image-1264 aligncenter\" src=\"http:\/\/standimpro.ch\/particuliers\/wp-content\/uploads\/2016\/06\/IMG_4272_flyer.jpg\" alt=\"IMG_4272_flyer\" width=\"408\" height=\"204\" srcset=\"https:\/\/standimpro.ch\/particuliers\/wp-content\/uploads\/2016\/06\/IMG_4272_flyer.jpg 4952w, https:\/\/standimpro.ch\/particuliers\/wp-content\/uploads\/2016\/06\/IMG_4272_flyer-300x150.jpg 300w, https:\/\/standimpro.ch\/particuliers\/wp-content\/uploads\/2016\/06\/IMG_4272_flyer-768x384.jpg 768w, https:\/\/standimpro.ch\/particuliers\/wp-content\/uploads\/2016\/06\/IMG_4272_flyer-1030x515.jpg 1030w, https:\/\/standimpro.ch\/particuliers\/wp-content\/uploads\/2016\/06\/IMG_4272_flyer-1500x751.jpg 1500w, https:\/\/standimpro.ch\/particuliers\/wp-content\/uploads\/2016\/06\/IMG_4272_flyer-705x353.jpg 705w, https:\/\/standimpro.ch\/particuliers\/wp-content\/uploads\/2016\/06\/IMG_4272_flyer-450x225.jpg 450w\" sizes=\"(max-width: 408px) 100vw, 408px\" \/><\/a><\/p>\n<p style=\"text-align: left;\">Rivalit\u00e9s, amiti\u00e9s et jalousies! Donnez vos impulsions aux Com\u00e9diens et ils composeront spontan\u00e9ment une sc\u00e8ne de 20 minutes!<\/p>\n<p style=\"text-align: left;\">Performance artistique: vos Improvisateurs seuls sur sc\u00e8ne auront \u00e9galement pour mission d&rsquo;interpr\u00e9ter plusieurs personnages \u00e0 la fois pour une histoire compos\u00e9e sous vos yeux.<\/p>\n<p style=\"text-align: left;\">Comment s&rsquo;y prennent-ils? Venez-nous voir pour le savoir.<\/p>\n<p>Des cat\u00e9gories nouvelles et encore jamais pr\u00e9sent\u00e9es par la Troupe de Stand&rsquo;Impro.<\/p>\n<p>A ne manquer sous aucun pr\u00e9texte!<\/p>\n<p><strong>Les Com\u00e9diens:<br \/>\n<\/strong>Ga\u00eblle Bruderer<br \/>\nL\u00e9onard Felder<br \/>\nLaszlo Maio<br \/>\nRapha\u00ebl Ruta<br \/>\nC\u00e9cile Bellet (votre MC)<\/p>\n<p style=\"text-align: left;\"><strong>Date et lieu:<br \/>\n<\/strong>Mercredi 22 juin<br \/>\nLe Chat Noir de Carouge<br \/>\nD\u00e9but du spectacle \u00e0 20h00 et ouverture des portes \u00e0 19h45<\/p>\n<p style=\"text-align: left;\"><strong>R\u00e9servations:<\/strong><br \/>\ninfo@standimpro.ch<\/p>\n<p><strong>Prix des places:<br \/>\n<\/strong>15.- CHF, tarif plein<br \/>\n10.- CHF, tarif r\u00e9duit (AVS, \u00e9tudiants, ch\u00f4meurs et \u00e9l\u00e8ves Stand&rsquo;Impro sur pr\u00e9sentation d&rsquo;une carte)<\/p>\n<p>&nbsp;<\/p>\n<p>&nbsp;<\/p>\n<!-- AddThis Advanced Settings generic via filter on the_content --><!-- AddThis Share Buttons generic via filter on the_content -->","protected":false},"excerpt":{"rendered":"<p>Prise de t\u00eate entre amis Rivalit\u00e9s, amiti\u00e9s et jalousies! Donnez vos impulsions aux Com\u00e9diens et ils composeront spontan\u00e9ment une sc\u00e8ne de 20 minutes! Performance artistique: vos Improvisateurs seuls sur sc\u00e8ne auront \u00e9galement pour mission d&rsquo;interpr\u00e9ter plusieurs personnages \u00e0 la fois pour une histoire compos\u00e9e sous vos yeux. Comment s&rsquo;y prennent-ils? Venez-nous voir pour le savoir. [&hellip;]<!-- AddThis Advanced Settings generic via filter on get_the_excerpt --><!-- AddThis Share Buttons generic via filter on get_the_excerpt --><\/p>\n","protected":false},"author":1,"featured_media":0,"comment_status":"open","ping_status":"open","sticky":false,"template":"","format":"standard","meta":{"footnotes":""},"categories":[1],"tags":[],"class_list":["post-981","post","type-post","status-publish","format-standard","hentry","category-la-prise-de-parole-en-public-2"],"yoast_head":"<!-- This site is optimized with the Yoast SEO plugin v27.1.1 - https:\/\/yoast.com\/product\/yoast-seo-wordpress\/ -->\n<title>Impro D\u00e9couverte -<\/title>\n<meta name=\"robots\" content=\"index, follow, max-snippet:-1, max-image-preview:large, max-video-preview:-1\" \/>\n<link rel=\"canonical\" href=\"https:\/\/standimpro.ch\/particuliers\/impro-decouverte-11-mai\/\" \/>\n<meta property=\"og:locale\" content=\"fr_FR\" \/>\n<meta property=\"og:type\" content=\"article\" \/>\n<meta property=\"og:title\" content=\"Impro D\u00e9couverte -\" \/>\n<meta property=\"og:description\" content=\"Prise de t\u00eate entre amis Rivalit\u00e9s, amiti\u00e9s et jalousies! Donnez vos impulsions aux Com\u00e9diens et ils composeront spontan\u00e9ment une sc\u00e8ne de 20 minutes! Performance artistique: vos Improvisateurs seuls sur sc\u00e8ne auront \u00e9galement pour mission d&rsquo;interpr\u00e9ter plusieurs personnages \u00e0 la fois pour une histoire compos\u00e9e sous vos yeux. Comment s&rsquo;y prennent-ils? Venez-nous voir pour le savoir. [&hellip;]\" \/>\n<meta property=\"og:url\" content=\"https:\/\/standimpro.ch\/particuliers\/impro-decouverte-11-mai\/\" \/>\n<meta property=\"article:publisher\" content=\"https:\/\/www.facebook.com\/standimpro\/?ref=aymt_homepage_panel\" \/>\n<meta property=\"article:published_time\" content=\"2016-01-04T15:02:00+00:00\" \/>\n<meta property=\"article:modified_time\" content=\"2016-06-08T07:41:50+00:00\" \/>\n<meta property=\"og:image\" content=\"http:\/\/standimpro.ch\/particuliers\/wp-content\/uploads\/2016\/06\/IMG_4272_flyer.jpg\" \/>\n<meta name=\"author\" content=\"Andreas Ventouras\" \/>\n<meta name=\"twitter:label1\" content=\"\u00c9crit par\" \/>\n\t<meta name=\"twitter:data1\" content=\"Andreas Ventouras\" \/>\n\t<meta name=\"twitter:label2\" content=\"Dur\u00e9e de lecture estim\u00e9e\" \/>\n\t<meta name=\"twitter:data2\" content=\"1 minute\" \/>\n<script type=\"application\/ld+json\" class=\"yoast-schema-graph\">{\"@context\":\"https:\/\/schema.org\",\"@graph\":[{\"@type\":\"Article\",\"@id\":\"https:\/\/standimpro.ch\/particuliers\/impro-decouverte-11-mai\/#article\",\"isPartOf\":{\"@id\":\"https:\/\/standimpro.ch\/particuliers\/impro-decouverte-11-mai\/\"},\"author\":{\"name\":\"Andreas Ventouras\",\"@id\":\"https:\/\/standimpro.ch\/particuliers\/#\/schema\/person\/d33c2f5702352f109742b22e2a00d111\"},\"headline\":\"Impro D\u00e9couverte\",\"datePublished\":\"2016-01-04T15:02:00+00:00\",\"dateModified\":\"2016-06-08T07:41:50+00:00\",\"mainEntityOfPage\":{\"@id\":\"https:\/\/standimpro.ch\/particuliers\/impro-decouverte-11-mai\/\"},\"wordCount\":163,\"commentCount\":0,\"image\":{\"@id\":\"https:\/\/standimpro.ch\/particuliers\/impro-decouverte-11-mai\/#primaryimage\"},\"thumbnailUrl\":\"http:\/\/standimpro.ch\/particuliers\/wp-content\/uploads\/2016\/06\/IMG_4272_flyer.jpg\",\"articleSection\":[\"La Prise de Parole en Public\"],\"inLanguage\":\"fr-FR\",\"potentialAction\":[{\"@type\":\"CommentAction\",\"name\":\"Comment\",\"target\":[\"https:\/\/standimpro.ch\/particuliers\/impro-decouverte-11-mai\/#respond\"]}]},{\"@type\":\"WebPage\",\"@id\":\"https:\/\/standimpro.ch\/particuliers\/impro-decouverte-11-mai\/\",\"url\":\"https:\/\/standimpro.ch\/particuliers\/impro-decouverte-11-mai\/\",\"name\":\"Impro D\u00e9couverte -\",\"isPartOf\":{\"@id\":\"https:\/\/standimpro.ch\/particuliers\/#website\"},\"primaryImageOfPage\":{\"@id\":\"https:\/\/standimpro.ch\/particuliers\/impro-decouverte-11-mai\/#primaryimage\"},\"image\":{\"@id\":\"https:\/\/standimpro.ch\/particuliers\/impro-decouverte-11-mai\/#primaryimage\"},\"thumbnailUrl\":\"http:\/\/standimpro.ch\/particuliers\/wp-content\/uploads\/2016\/06\/IMG_4272_flyer.jpg\",\"datePublished\":\"2016-01-04T15:02:00+00:00\",\"dateModified\":\"2016-06-08T07:41:50+00:00\",\"author\":{\"@id\":\"https:\/\/standimpro.ch\/particuliers\/#\/schema\/person\/d33c2f5702352f109742b22e2a00d111\"},\"breadcrumb\":{\"@id\":\"https:\/\/standimpro.ch\/particuliers\/impro-decouverte-11-mai\/#breadcrumb\"},\"inLanguage\":\"fr-FR\",\"potentialAction\":[{\"@type\":\"ReadAction\",\"target\":[\"https:\/\/standimpro.ch\/particuliers\/impro-decouverte-11-mai\/\"]}]},{\"@type\":\"ImageObject\",\"inLanguage\":\"fr-FR\",\"@id\":\"https:\/\/standimpro.ch\/particuliers\/impro-decouverte-11-mai\/#primaryimage\",\"url\":\"http:\/\/standimpro.ch\/particuliers\/wp-content\/uploads\/2016\/06\/IMG_4272_flyer.jpg\",\"contentUrl\":\"http:\/\/standimpro.ch\/particuliers\/wp-content\/uploads\/2016\/06\/IMG_4272_flyer.jpg\"},{\"@type\":\"BreadcrumbList\",\"@id\":\"https:\/\/standimpro.ch\/particuliers\/impro-decouverte-11-mai\/#breadcrumb\",\"itemListElement\":[{\"@type\":\"ListItem\",\"position\":1,\"name\":\"Accueil\",\"item\":\"https:\/\/standimpro.ch\/particuliers\/impro\/\"},{\"@type\":\"ListItem\",\"position\":2,\"name\":\"Impro D\u00e9couverte\"}]},{\"@type\":\"WebSite\",\"@id\":\"https:\/\/standimpro.ch\/particuliers\/#website\",\"url\":\"https:\/\/standimpro.ch\/particuliers\/\",\"name\":\"\",\"description\":\"\",\"potentialAction\":[{\"@type\":\"SearchAction\",\"target\":{\"@type\":\"EntryPoint\",\"urlTemplate\":\"https:\/\/standimpro.ch\/particuliers\/?s={search_term_string}\"},\"query-input\":{\"@type\":\"PropertyValueSpecification\",\"valueRequired\":true,\"valueName\":\"search_term_string\"}}],\"inLanguage\":\"fr-FR\"},{\"@type\":\"Person\",\"@id\":\"https:\/\/standimpro.ch\/particuliers\/#\/schema\/person\/d33c2f5702352f109742b22e2a00d111\",\"name\":\"Andreas Ventouras\",\"image\":{\"@type\":\"ImageObject\",\"inLanguage\":\"fr-FR\",\"@id\":\"https:\/\/standimpro.ch\/particuliers\/#\/schema\/person\/image\/\",\"url\":\"https:\/\/secure.gravatar.com\/avatar\/bb9229b1d690d5c732ec8df34f0ee54fda2edbb9956772a950962d1446caf04f?s=96&d=mm&r=g\",\"contentUrl\":\"https:\/\/secure.gravatar.com\/avatar\/bb9229b1d690d5c732ec8df34f0ee54fda2edbb9956772a950962d1446caf04f?s=96&d=mm&r=g\",\"caption\":\"Andreas Ventouras\"},\"description\":\"Andreas Ventouras, Fondateur et Pr\u00e9sident de Stand'Impro. Il est Formateur \u00e0 la prise de parole en public pour de nombreuses collectivit\u00e9s publiques (Etat de Gen\u00e8ve, Ville de Gen\u00e8ve et autres) ainsi que des entreprises. . Il donne des cours d'improvisation \u00e0 Gen\u00e8ve et se produit r\u00e9guli\u00e8rement sur sc\u00e8ne.\",\"url\":\"https:\/\/standimpro.ch\/particuliers\/author\/andreas\/\"}]}<\/script>\n<!-- \/ Yoast SEO plugin. -->","yoast_head_json":{"title":"Impro D\u00e9couverte -","robots":{"index":"index","follow":"follow","max-snippet":"max-snippet:-1","max-image-preview":"max-image-preview:large","max-video-preview":"max-video-preview:-1"},"canonical":"https:\/\/standimpro.ch\/particuliers\/impro-decouverte-11-mai\/","og_locale":"fr_FR","og_type":"article","og_title":"Impro D\u00e9couverte -","og_description":"Prise de t\u00eate entre amis Rivalit\u00e9s, amiti\u00e9s et jalousies! Donnez vos impulsions aux Com\u00e9diens et ils composeront spontan\u00e9ment une sc\u00e8ne de 20 minutes! Performance artistique: vos Improvisateurs seuls sur sc\u00e8ne auront \u00e9galement pour mission d&rsquo;interpr\u00e9ter plusieurs personnages \u00e0 la fois pour une histoire compos\u00e9e sous vos yeux. Comment s&rsquo;y prennent-ils? Venez-nous voir pour le savoir. [&hellip;]","og_url":"https:\/\/standimpro.ch\/particuliers\/impro-decouverte-11-mai\/","article_publisher":"https:\/\/www.facebook.com\/standimpro\/?ref=aymt_homepage_panel","article_published_time":"2016-01-04T15:02:00+00:00","article_modified_time":"2016-06-08T07:41:50+00:00","og_image":[{"url":"http:\/\/standimpro.ch\/particuliers\/wp-content\/uploads\/2016\/06\/IMG_4272_flyer.jpg","type":"","width":"","height":""}],"author":"Andreas Ventouras","twitter_misc":{"\u00c9crit par":"Andreas Ventouras","Dur\u00e9e de lecture estim\u00e9e":"1 minute"},"schema":{"@context":"https:\/\/schema.org","@graph":[{"@type":"Article","@id":"https:\/\/standimpro.ch\/particuliers\/impro-decouverte-11-mai\/#article","isPartOf":{"@id":"https:\/\/standimpro.ch\/particuliers\/impro-decouverte-11-mai\/"},"author":{"name":"Andreas Ventouras","@id":"https:\/\/standimpro.ch\/particuliers\/#\/schema\/person\/d33c2f5702352f109742b22e2a00d111"},"headline":"Impro D\u00e9couverte","datePublished":"2016-01-04T15:02:00+00:00","dateModified":"2016-06-08T07:41:50+00:00","mainEntityOfPage":{"@id":"https:\/\/standimpro.ch\/particuliers\/impro-decouverte-11-mai\/"},"wordCount":163,"commentCount":0,"image":{"@id":"https:\/\/standimpro.ch\/particuliers\/impro-decouverte-11-mai\/#primaryimage"},"thumbnailUrl":"http:\/\/standimpro.ch\/particuliers\/wp-content\/uploads\/2016\/06\/IMG_4272_flyer.jpg","articleSection":["La Prise de Parole en Public"],"inLanguage":"fr-FR","potentialAction":[{"@type":"CommentAction","name":"Comment","target":["https:\/\/standimpro.ch\/particuliers\/impro-decouverte-11-mai\/#respond"]}]},{"@type":"WebPage","@id":"https:\/\/standimpro.ch\/particuliers\/impro-decouverte-11-mai\/","url":"https:\/\/standimpro.ch\/particuliers\/impro-decouverte-11-mai\/","name":"Impro D\u00e9couverte -","isPartOf":{"@id":"https:\/\/standimpro.ch\/particuliers\/#website"},"primaryImageOfPage":{"@id":"https:\/\/standimpro.ch\/particuliers\/impro-decouverte-11-mai\/#primaryimage"},"image":{"@id":"https:\/\/standimpro.ch\/particuliers\/impro-decouverte-11-mai\/#primaryimage"},"thumbnailUrl":"http:\/\/standimpro.ch\/particuliers\/wp-content\/uploads\/2016\/06\/IMG_4272_flyer.jpg","datePublished":"2016-01-04T15:02:00+00:00","dateModified":"2016-06-08T07:41:50+00:00","author":{"@id":"https:\/\/standimpro.ch\/particuliers\/#\/schema\/person\/d33c2f5702352f109742b22e2a00d111"},"breadcrumb":{"@id":"https:\/\/standimpro.ch\/particuliers\/impro-decouverte-11-mai\/#breadcrumb"},"inLanguage":"fr-FR","potentialAction":[{"@type":"ReadAction","target":["https:\/\/standimpro.ch\/particuliers\/impro-decouverte-11-mai\/"]}]},{"@type":"ImageObject","inLanguage":"fr-FR","@id":"https:\/\/standimpro.ch\/particuliers\/impro-decouverte-11-mai\/#primaryimage","url":"http:\/\/standimpro.ch\/particuliers\/wp-content\/uploads\/2016\/06\/IMG_4272_flyer.jpg","contentUrl":"http:\/\/standimpro.ch\/particuliers\/wp-content\/uploads\/2016\/06\/IMG_4272_flyer.jpg"},{"@type":"BreadcrumbList","@id":"https:\/\/standimpro.ch\/particuliers\/impro-decouverte-11-mai\/#breadcrumb","itemListElement":[{"@type":"ListItem","position":1,"name":"Accueil","item":"https:\/\/standimpro.ch\/particuliers\/impro\/"},{"@type":"ListItem","position":2,"name":"Impro D\u00e9couverte"}]},{"@type":"WebSite","@id":"https:\/\/standimpro.ch\/particuliers\/#website","url":"https:\/\/standimpro.ch\/particuliers\/","name":"","description":"","potentialAction":[{"@type":"SearchAction","target":{"@type":"EntryPoint","urlTemplate":"https:\/\/standimpro.ch\/particuliers\/?s={search_term_string}"},"query-input":{"@type":"PropertyValueSpecification","valueRequired":true,"valueName":"search_term_string"}}],"inLanguage":"fr-FR"},{"@type":"Person","@id":"https:\/\/standimpro.ch\/particuliers\/#\/schema\/person\/d33c2f5702352f109742b22e2a00d111","name":"Andreas Ventouras","image":{"@type":"ImageObject","inLanguage":"fr-FR","@id":"https:\/\/standimpro.ch\/particuliers\/#\/schema\/person\/image\/","url":"https:\/\/secure.gravatar.com\/avatar\/bb9229b1d690d5c732ec8df34f0ee54fda2edbb9956772a950962d1446caf04f?s=96&d=mm&r=g","contentUrl":"https:\/\/secure.gravatar.com\/avatar\/bb9229b1d690d5c732ec8df34f0ee54fda2edbb9956772a950962d1446caf04f?s=96&d=mm&r=g","caption":"Andreas Ventouras"},"description":"Andreas Ventouras, Fondateur et Pr\u00e9sident de Stand'Impro. Il est Formateur \u00e0 la prise de parole en public pour de nombreuses collectivit\u00e9s publiques (Etat de Gen\u00e8ve, Ville de Gen\u00e8ve et autres) ainsi que des entreprises. . Il donne des cours d'improvisation \u00e0 Gen\u00e8ve et se produit r\u00e9guli\u00e8rement sur sc\u00e8ne.","url":"https:\/\/standimpro.ch\/particuliers\/author\/andreas\/"}]}},"_links":{"self":[{"href":"https:\/\/standimpro.ch\/particuliers\/wp-json\/wp\/v2\/posts\/981","targetHints":{"allow":["GET"]}}],"collection":[{"href":"https:\/\/standimpro.ch\/particuliers\/wp-json\/wp\/v2\/posts"}],"about":[{"href":"https:\/\/standimpro.ch\/particuliers\/wp-json\/wp\/v2\/types\/post"}],"author":[{"embeddable":true,"href":"https:\/\/standimpro.ch\/particuliers\/wp-json\/wp\/v2\/users\/1"}],"replies":[{"embeddable":true,"href":"https:\/\/standimpro.ch\/particuliers\/wp-json\/wp\/v2\/comments?post=981"}],"version-history":[{"count":0,"href":"https:\/\/standimpro.ch\/particuliers\/wp-json\/wp\/v2\/posts\/981\/revisions"}],"wp:attachment":[{"href":"https:\/\/standimpro.ch\/particuliers\/wp-json\/wp\/v2\/media?parent=981"}],"wp:term":[{"taxonomy":"category","embeddable":true,"href":"https:\/\/standimpro.ch\/particuliers\/wp-json\/wp\/v2\/categories?post=981"},{"taxonomy":"post_tag","embeddable":true,"href":"https:\/\/standimpro.ch\/particuliers\/wp-json\/wp\/v2\/tags?post=981"}],"curies":[{"name":"wp","href":"https:\/\/api.w.org\/{rel}","templated":true}]}}